
{"id":121459,"date":"2025-04-11T22:55:29","date_gmt":"2025-04-12T01:55:29","guid":{"rendered":"https:\/\/www.sudoestehoje.com.br\/novoportal\/?p=121459"},"modified":"2025-04-11T22:55:29","modified_gmt":"2025-04-12T01:55:29","slug":"confira-as-atracoes-para-o-sao-joao-da-lagoa-2025-em-itapetinga","status":"publish","type":"post","link":"https:\/\/www.sudoestehoje.com.br\/novoportal\/2025\/04\/11\/confira-as-atracoes-para-o-sao-joao-da-lagoa-2025-em-itapetinga\/","title":{"rendered":"CONFIRA AS ATRA\u00c7\u00d5ES PARA O S\u00c3O JO\u00c3O DA LAGOA 2025 EM ITAPETINGA"},"content":{"rendered":"<p><img loading=\"lazy\" decoding=\"async\" class=\"alignnone  wp-image-121460\" src=\"https:\/\/www.sudoestehoje.com.br\/novoportal\/wp-content\/uploads\/2025\/04\/Sao-Joao-Itapetinga-780x470-1.jpg\" alt=\"\" width=\"561\" height=\"338\" \/><\/p>\n<p><strong>A noite da \u00faltima quinta-feira come\u00e7ou ao som do tri\u00e2ngulo, da zabumba e da sanfona. O clima do S\u00e3o Jo\u00e3o chegou mais cedo para o an\u00fancio da grade oficial da nossa grande festa. Em uma reuni\u00e3o com a imprensa no restaurante Gran Castelo, o prefeito Eduardo Hagge anunciou quem animaria as quatro noites do evento que acontecer\u00e1 de 20 a 23 de junho.<\/strong><\/p>\n<p><strong>Confira agora as atra\u00e7\u00f5es do S\u00e3o Jo\u00e3o de Itapetinga 2025:<\/strong><\/p>\n<p><strong>20\/06 Sexta-feira:<\/strong><\/p>\n<p><strong>Quadrilhas<\/strong><\/p>\n<p><strong>Ju\u00e1 da Bahia<\/strong><\/p>\n<p><strong>Forr\u00f3 Anjo Azul<\/strong><\/p>\n<p><strong>Daniel Vieira<\/strong><\/p>\n<p><strong>Dinho Prado<\/strong><\/p>\n<p><strong>21\/06 S\u00e1bado:<\/strong><\/p>\n<p><strong>Puxada Carro a \u00c1lcool<\/strong><\/p>\n<p><strong>Ivan Alves e Z\u00e9 Renan<\/strong><\/p>\n<p><strong>Arriba Saia<\/strong><\/p>\n<p><strong>V\u00edtor Fernandes<\/strong><\/p>\n<p><strong>22\/06 Domingo<\/strong><\/p>\n<p><strong>Mois\u00e9s Serafim<\/strong><\/p>\n<p><strong>Musical D\u2019Lyra<\/strong><\/p>\n<p><strong>Edigar M\u00e3o Branca<\/strong><\/p>\n<p><strong>Kart Love<\/strong><\/p>\n<p><strong>Igor Kann\u00e1rio<\/strong><\/p>\n<p><strong>23\/06 Segunda-feira<\/strong><\/p>\n<p><strong>Peu do Acordeon<\/strong><\/p>\n<p><strong>Paulo Neto<\/strong><\/p>\n<p><strong>Marlus Viana<\/strong><\/p>\n<p><strong>Hugo e Guilherme<\/strong><\/p>\n","protected":false},"excerpt":{"rendered":"<p>A noite da \u00faltima quinta-feira come\u00e7ou ao som do tri\u00e2ngulo, da zabumba e da sanfona. O clima do S\u00e3o Jo\u00e3o chegou mais cedo para o an\u00fancio da grade oficial da nossa grande festa. Em uma reuni\u00e3o com a imprensa no restaurante Gran Castelo, o prefeito Eduardo Hagge anunciou quem animaria as quatro noites do evento [&hellip;]<\/p>\n","protected":false},"author":2,"featured_media":121460,"comment_status":"closed","ping_status":"open","sticky":false,"template":"","format":"standard","meta":{"footnotes":"","_links_to":"","_links_to_target":""},"categories":[1],"tags":[],"class_list":["post-121459","post","type-post","status-publish","format-standard","has-post-thumbnail","hentry","category-geral"],"views":2491,"_links":{"self":[{"href":"https:\/\/www.sudoestehoje.com.br\/novoportal\/wp-json\/wp\/v2\/posts\/121459","targetHints":{"allow":["GET"]}}],"collection":[{"href":"https:\/\/www.sudoestehoje.com.br\/novoportal\/wp-json\/wp\/v2\/posts"}],"about":[{"href":"https:\/\/www.sudoestehoje.com.br\/novoportal\/wp-json\/wp\/v2\/types\/post"}],"author":[{"embeddable":true,"href":"https:\/\/www.sudoestehoje.com.br\/novoportal\/wp-json\/wp\/v2\/users\/2"}],"replies":[{"embeddable":true,"href":"https:\/\/www.sudoestehoje.com.br\/novoportal\/wp-json\/wp\/v2\/comments?post=121459"}],"version-history":[{"count":1,"href":"https:\/\/www.sudoestehoje.com.br\/novoportal\/wp-json\/wp\/v2\/posts\/121459\/revisions"}],"predecessor-version":[{"id":121461,"href":"https:\/\/www.sudoestehoje.com.br\/novoportal\/wp-json\/wp\/v2\/posts\/121459\/revisions\/121461"}],"wp:featuredmedia":[{"embeddable":true,"href":"https:\/\/www.sudoestehoje.com.br\/novoportal\/wp-json\/wp\/v2\/media\/121460"}],"wp:attachment":[{"href":"https:\/\/www.sudoestehoje.com.br\/novoportal\/wp-json\/wp\/v2\/media?parent=121459"}],"wp:term":[{"taxonomy":"category","embeddable":true,"href":"https:\/\/www.sudoestehoje.com.br\/novoportal\/wp-json\/wp\/v2\/categories?post=121459"},{"taxonomy":"post_tag","embeddable":true,"href":"https:\/\/www.sudoestehoje.com.br\/novoportal\/wp-json\/wp\/v2\/tags?post=121459"}],"curies":[{"name":"wp","href":"https:\/\/api.w.org\/{rel}","templated":true}]}}