
{"id":121440,"date":"2025-04-11T10:22:20","date_gmt":"2025-04-11T13:22:20","guid":{"rendered":"https:\/\/www.sudoestehoje.com.br\/novoportal\/?p=121440"},"modified":"2025-04-11T11:00:16","modified_gmt":"2025-04-11T14:00:16","slug":"itapetinga-eduardo-fecha-100-dias-de-governo-com-inauguracoes-e-lancamento-do-sao-joao","status":"publish","type":"post","link":"https:\/\/www.sudoestehoje.com.br\/novoportal\/2025\/04\/11\/itapetinga-eduardo-fecha-100-dias-de-governo-com-inauguracoes-e-lancamento-do-sao-joao\/","title":{"rendered":"ITAPETINGA | EDUARDO FECHA 100 DIAS DE GOVERNO COM INAUGURA\u00c7\u00d5ES E LAN\u00c7AMENTO DO S\u00c3O JO\u00c3O"},"content":{"rendered":"<p><img loading=\"lazy\" decoding=\"async\" class=\"alignnone wp-image-121455\" src=\"https:\/\/www.sudoestehoje.com.br\/novoportal\/wp-content\/uploads\/2025\/04\/Imagem-do-WhatsApp-de-2025-04-11-as-09.54.48_01b1126a-1.jpg\" alt=\"\" width=\"561\" height=\"363\"><\/p>\n<p><strong>Em grande estilo, o prefeito de Itapetinga, Eduardo Hagge (MDB), fechou os seus 100 dias de governo com inaugura\u00e7\u00f5es e lan\u00e7amento da grade de shows e programa\u00e7\u00e3o dos festejos de S\u00e3o Jo\u00e3o, no Parque Poliesportivo da Lagoa.<\/strong><\/p>\n<p><strong>ESCOLA MUNICIPAL CLERO PEDREIRA<\/strong><\/p>\n<p><strong>Logo pala manh\u00e3 desta quinta-feira (10), Eduardo e sua equipe de governo comandaram a reinaugura\u00e7\u00e3o da Escola Municipal Clero Pedreira, no bairro Clerol\u00e2ndia. Constru\u00edda em 1971, a escola passou por uma reforma completa e amplia\u00e7\u00e3o nas suas instala\u00e7\u00f5es, recebendo mobili\u00e1rio moderno e equipamentos de <\/strong>\u00faltima gera\u00e7\u00e3o. <\/p>\n<p><strong>ASFALTO NO BAIRRO AM\u00c9RICO NOGUEIRA<\/strong><\/p>\n<p><strong>No final da tarde, foi a vez do bairro Am\u00e9rico Nogueira receber o prefeito e sua comitiva, para inaugurar vias importantes na localidade, que acabaram de receber pavimenta\u00e7\u00e3o asf\u00e1ltica de alta qualidade e jardinagem em pra\u00e7as e canteiros, transformando totalmente a realidade dos moradores que compareceram em massa ao evento, para comemorar e agradecer o empenho do chefe do executivo e seus auxiliares.<\/strong><\/p>\n<p><strong>Entre os convidados, destacou-se o Diretor da <\/strong><strong><em>CERB<\/em><\/strong><strong> &#8211; COMPANHIA DE ENGENHARIA H\u00cdDRICA E DE SANEAMENTO DA <\/strong><strong><em>BAHIA, <\/em><\/strong><strong>Jaime Vieira Lima, que vem contribuindo no processo de abertura das portas do Governo do Estado, para o prefeito Eduardo.<\/strong><\/p>\n<p><strong>LAN\u00c7AMENTO DA GRADE DE S\u00c3O JO\u00c3O<\/strong><\/p>\n<p><strong>\u00c0 noite, Eduardo apresentou para convidados e a imprensa local e regional, em coletiva no restaurante Gran Castelo, toda a programa\u00e7\u00e3o dos festejos do S\u00e3o Jo\u00e3o 2025, adiantando, inclusive, as principais atra\u00e7\u00f5es para o evento, o que agradou em cheio aos presentes. O destaque na programa\u00e7\u00e3o da festa ficou para os artistas locais e regionais, que tamb\u00e9m s\u00e3o de excelente n<\/strong>\u00edvel, e participar\u00e3o da grade de shows.<\/p>\n<p><strong>AGUARDEM DIVULGA\u00c7\u00c3O DA GRADE OFICIAL COMPLETA PELA ASCOM\/PMI<\/strong><\/p>\n<p><strong>Por Davi Ferraz<\/strong><\/p>\n","protected":false},"excerpt":{"rendered":"<p>Em grande estilo, o prefeito de Itapetinga, Eduardo Hagge (MDB), fechou os seus 100 dias de governo com inaugura\u00e7\u00f5es e lan\u00e7amento da grade de shows e programa\u00e7\u00e3o dos festejos de S\u00e3o Jo\u00e3o, no Parque Poliesportivo da Lagoa. ESCOLA MUNICIPAL CLERO PEDREIRA Logo pala manh\u00e3 desta quinta-feira (10), Eduardo e sua equipe de governo comandaram a [&hellip;]<\/p>\n","protected":false},"author":2,"featured_media":121455,"comment_status":"closed","ping_status":"open","sticky":false,"template":"","format":"standard","meta":{"footnotes":"","_links_to":"","_links_to_target":""},"categories":[1],"tags":[],"class_list":["post-121440","post","type-post","status-publish","format-standard","has-post-thumbnail","hentry","category-geral"],"views":915,"_links":{"self":[{"href":"https:\/\/www.sudoestehoje.com.br\/novoportal\/wp-json\/wp\/v2\/posts\/121440","targetHints":{"allow":["GET"]}}],"collection":[{"href":"https:\/\/www.sudoestehoje.com.br\/novoportal\/wp-json\/wp\/v2\/posts"}],"about":[{"href":"https:\/\/www.sudoestehoje.com.br\/novoportal\/wp-json\/wp\/v2\/types\/post"}],"author":[{"embeddable":true,"href":"https:\/\/www.sudoestehoje.com.br\/novoportal\/wp-json\/wp\/v2\/users\/2"}],"replies":[{"embeddable":true,"href":"https:\/\/www.sudoestehoje.com.br\/novoportal\/wp-json\/wp\/v2\/comments?post=121440"}],"version-history":[{"count":4,"href":"https:\/\/www.sudoestehoje.com.br\/novoportal\/wp-json\/wp\/v2\/posts\/121440\/revisions"}],"predecessor-version":[{"id":121458,"href":"https:\/\/www.sudoestehoje.com.br\/novoportal\/wp-json\/wp\/v2\/posts\/121440\/revisions\/121458"}],"wp:featuredmedia":[{"embeddable":true,"href":"https:\/\/www.sudoestehoje.com.br\/novoportal\/wp-json\/wp\/v2\/media\/121455"}],"wp:attachment":[{"href":"https:\/\/www.sudoestehoje.com.br\/novoportal\/wp-json\/wp\/v2\/media?parent=121440"}],"wp:term":[{"taxonomy":"category","embeddable":true,"href":"https:\/\/www.sudoestehoje.com.br\/novoportal\/wp-json\/wp\/v2\/categories?post=121440"},{"taxonomy":"post_tag","embeddable":true,"href":"https:\/\/www.sudoestehoje.com.br\/novoportal\/wp-json\/wp\/v2\/tags?post=121440"}],"curies":[{"name":"wp","href":"https:\/\/api.w.org\/{rel}","templated":true}]}}