
{"id":121423,"date":"2025-04-11T08:04:16","date_gmt":"2025-04-11T11:04:16","guid":{"rendered":"https:\/\/www.sudoestehoje.com.br\/novoportal\/?p=121423"},"modified":"2025-04-11T08:04:16","modified_gmt":"2025-04-11T11:04:16","slug":"feirinha-missionaria-da-primeira-igreja-batista-acontece-hoje-no-parque-da-lagoa","status":"publish","type":"post","link":"https:\/\/www.sudoestehoje.com.br\/novoportal\/2025\/04\/11\/feirinha-missionaria-da-primeira-igreja-batista-acontece-hoje-no-parque-da-lagoa\/","title":{"rendered":"FEIRINHA MISSION\u00c1RIA DA PRIMEIRA IGREJA BATISTA ACONTECE HOJE, NO PARQUE DA LAGOA"},"content":{"rendered":"<p><img loading=\"lazy\" decoding=\"async\" class=\"alignnone  wp-image-121427\" src=\"https:\/\/www.sudoestehoje.com.br\/novoportal\/wp-content\/uploads\/2025\/04\/Imagem-do-WhatsApp-de-2025-04-10-as-09.26.31_6fb354a9.jpg\" alt=\"\" width=\"561\" height=\"793\" \/><\/p>\n<p><strong>A Feira Mission\u00e1ria da Primeira Igreja Batista de Itapetinga \u00e9 um evento significativo realizado anualmente no Parque Poliesportivo da Lagoa, um dos principais pontos de encontro da cidade. Em sua terceira edi\u00e7\u00e3o, ocorrida em 8 de novembro de 2024, a feira reuniu membros da igreja e a comunidade local para momentos de comunh\u00e3o e celebra\u00e7\u00e3o da obra mission\u00e1ria. \ufffc<\/strong><\/p>\n<p><strong>A Primeira Igreja Batista de Itapetinga, fundada em 31 de julho de 1938, tem desempenhado um papel vital na dissemina\u00e7\u00e3o do Evangelho na regi\u00e3o sudoeste da Bahia. Ao longo de sua hist\u00f3ria, a igreja tem sido ativa na promo\u00e7\u00e3o de eventos que fortalecem a f\u00e9 e a uni\u00e3o da comunidade, como a Feira Mission\u00e1ria.<\/strong><\/p>\n<p><strong>Venha e Participe da Feira Mission\u00e1ria, que acontecer\u00e1 no dia 11\/04\/25, a partir das 17h, na Lagoa.<\/strong><\/p>\n","protected":false},"excerpt":{"rendered":"<p>A Feira Mission\u00e1ria da Primeira Igreja Batista de Itapetinga \u00e9 um evento significativo realizado anualmente no Parque Poliesportivo da Lagoa, um dos principais pontos de encontro da cidade. Em sua terceira edi\u00e7\u00e3o, ocorrida em 8 de novembro de 2024, a feira reuniu membros da igreja e a comunidade local para momentos de comunh\u00e3o e celebra\u00e7\u00e3o [&hellip;]<\/p>\n","protected":false},"author":2,"featured_media":121427,"comment_status":"closed","ping_status":"open","sticky":false,"template":"","format":"standard","meta":{"footnotes":"","_links_to":"","_links_to_target":""},"categories":[1],"tags":[],"class_list":["post-121423","post","type-post","status-publish","format-standard","has-post-thumbnail","hentry","category-geral"],"views":366,"_links":{"self":[{"href":"https:\/\/www.sudoestehoje.com.br\/novoportal\/wp-json\/wp\/v2\/posts\/121423","targetHints":{"allow":["GET"]}}],"collection":[{"href":"https:\/\/www.sudoestehoje.com.br\/novoportal\/wp-json\/wp\/v2\/posts"}],"about":[{"href":"https:\/\/www.sudoestehoje.com.br\/novoportal\/wp-json\/wp\/v2\/types\/post"}],"author":[{"embeddable":true,"href":"https:\/\/www.sudoestehoje.com.br\/novoportal\/wp-json\/wp\/v2\/users\/2"}],"replies":[{"embeddable":true,"href":"https:\/\/www.sudoestehoje.com.br\/novoportal\/wp-json\/wp\/v2\/comments?post=121423"}],"version-history":[{"count":3,"href":"https:\/\/www.sudoestehoje.com.br\/novoportal\/wp-json\/wp\/v2\/posts\/121423\/revisions"}],"predecessor-version":[{"id":121428,"href":"https:\/\/www.sudoestehoje.com.br\/novoportal\/wp-json\/wp\/v2\/posts\/121423\/revisions\/121428"}],"wp:featuredmedia":[{"embeddable":true,"href":"https:\/\/www.sudoestehoje.com.br\/novoportal\/wp-json\/wp\/v2\/media\/121427"}],"wp:attachment":[{"href":"https:\/\/www.sudoestehoje.com.br\/novoportal\/wp-json\/wp\/v2\/media?parent=121423"}],"wp:term":[{"taxonomy":"category","embeddable":true,"href":"https:\/\/www.sudoestehoje.com.br\/novoportal\/wp-json\/wp\/v2\/categories?post=121423"},{"taxonomy":"post_tag","embeddable":true,"href":"https:\/\/www.sudoestehoje.com.br\/novoportal\/wp-json\/wp\/v2\/tags?post=121423"}],"curies":[{"name":"wp","href":"https:\/\/api.w.org\/{rel}","templated":true}]}}