
{"id":121415,"date":"2025-04-09T09:16:14","date_gmt":"2025-04-09T12:16:14","guid":{"rendered":"https:\/\/www.sudoestehoje.com.br\/novoportal\/?p=121415"},"modified":"2025-04-09T09:18:15","modified_gmt":"2025-04-09T12:18:15","slug":"itapetinga-construcao-da-policlinica-sera-no-americo-nogueira-e-hospital-regional-ao-lado-do-turmalina","status":"publish","type":"post","link":"https:\/\/www.sudoestehoje.com.br\/novoportal\/2025\/04\/09\/itapetinga-construcao-da-policlinica-sera-no-americo-nogueira-e-hospital-regional-ao-lado-do-turmalina\/","title":{"rendered":"ITAPETINGA | CONSTRU\u00c7\u00c3O DA POLICL\u00cdNICA SER\u00c1 NO AM\u00c9RICO NOGUEIRA E HOSPITAL REGIONAL AO LADO DO TURMALINA"},"content":{"rendered":"<p><img loading=\"lazy\" decoding=\"async\" class=\"alignnone wp-image-121418\" src=\"https:\/\/www.sudoestehoje.com.br\/novoportal\/wp-content\/uploads\/2025\/04\/policlinica-federal-Itapetinga-bahia-eduardo-hagge-prefeito-2-1280x854-1.jpg\" alt=\"\" width=\"561\" height=\"374\" \/><\/p>\n<p><strong>Ap\u00f3s an\u00e1lise com sua equipe de governo, o prefeito Eduardo Hagge decidiu que o melhor local para erguer a Policl\u00ednica Regional \u00e9 mesmo o antigo campo de futebol localizado entre os bairros Quintas do Morumb\u00ed e Am\u00e9rico Nogueira, como j\u00e1 havia sido sondado anteriormente, afastando a ideia da constru\u00e7\u00e3o ao lado do futuro Hospital Regional.<\/strong><\/p>\n<p><strong>HOSPITAL REGIONAL AO LADO DO TURMALINA<\/strong><\/p>\n<p><strong>De acordo com informa\u00e7\u00e3o do Gabinete do Prefeito ao Sudoeste Hoje, o terreno para constru\u00e7\u00e3o do Hospital Regional j\u00e1 est\u00e1 sendo negociado com os propriet\u00e1rios do Loteamento Turmalina, na propriedade rural que fica ao lado do empreendimento, perfazendo \u00e1rea total de 50 mil metros quadrados, em frente \u00e0 pista da BA-263, sentido Itapetinga &#8211; Vit\u00f3ria da Conquista.<\/strong><\/p>\n<p><strong>De acordo com o prefeito Eduardo Hagge, o hospital dever\u00e1 ocupar 50 mil metros, reservando os 20 mil metros restantes para empreendimentos futuros.<\/strong><\/p>\n<p><strong>As altera\u00e7\u00f5es j\u00e1 foram comunicadas ao governador Jer\u00f4nimo Rodrigues que prontamente aceitou a proposta do prefeito e reiterou seu compromisso em autorizar o in\u00edcio das obras.<\/strong><\/p>\n<p><strong>Por Davi Ferraz\u00a0<\/strong><\/p>\n","protected":false},"excerpt":{"rendered":"<p>Ap\u00f3s an\u00e1lise com sua equipe de governo, o prefeito Eduardo Hagge decidiu que o melhor local para erguer a Policl\u00ednica Regional \u00e9 mesmo o antigo campo de futebol localizado entre os bairros Quintas do Morumb\u00ed e Am\u00e9rico Nogueira, como j\u00e1 havia sido sondado anteriormente, afastando a ideia da constru\u00e7\u00e3o ao lado do futuro Hospital Regional. [&hellip;]<\/p>\n","protected":false},"author":2,"featured_media":121418,"comment_status":"closed","ping_status":"open","sticky":false,"template":"","format":"standard","meta":{"footnotes":"","_links_to":"","_links_to_target":""},"categories":[1],"tags":[],"class_list":["post-121415","post","type-post","status-publish","format-standard","has-post-thumbnail","hentry","category-geral"],"views":2560,"_links":{"self":[{"href":"https:\/\/www.sudoestehoje.com.br\/novoportal\/wp-json\/wp\/v2\/posts\/121415","targetHints":{"allow":["GET"]}}],"collection":[{"href":"https:\/\/www.sudoestehoje.com.br\/novoportal\/wp-json\/wp\/v2\/posts"}],"about":[{"href":"https:\/\/www.sudoestehoje.com.br\/novoportal\/wp-json\/wp\/v2\/types\/post"}],"author":[{"embeddable":true,"href":"https:\/\/www.sudoestehoje.com.br\/novoportal\/wp-json\/wp\/v2\/users\/2"}],"replies":[{"embeddable":true,"href":"https:\/\/www.sudoestehoje.com.br\/novoportal\/wp-json\/wp\/v2\/comments?post=121415"}],"version-history":[{"count":4,"href":"https:\/\/www.sudoestehoje.com.br\/novoportal\/wp-json\/wp\/v2\/posts\/121415\/revisions"}],"predecessor-version":[{"id":121421,"href":"https:\/\/www.sudoestehoje.com.br\/novoportal\/wp-json\/wp\/v2\/posts\/121415\/revisions\/121421"}],"wp:featuredmedia":[{"embeddable":true,"href":"https:\/\/www.sudoestehoje.com.br\/novoportal\/wp-json\/wp\/v2\/media\/121418"}],"wp:attachment":[{"href":"https:\/\/www.sudoestehoje.com.br\/novoportal\/wp-json\/wp\/v2\/media?parent=121415"}],"wp:term":[{"taxonomy":"category","embeddable":true,"href":"https:\/\/www.sudoestehoje.com.br\/novoportal\/wp-json\/wp\/v2\/categories?post=121415"},{"taxonomy":"post_tag","embeddable":true,"href":"https:\/\/www.sudoestehoje.com.br\/novoportal\/wp-json\/wp\/v2\/tags?post=121415"}],"curies":[{"name":"wp","href":"https:\/\/api.w.org\/{rel}","templated":true}]}}