
{"id":121396,"date":"2025-04-07T09:40:52","date_gmt":"2025-04-07T12:40:52","guid":{"rendered":"https:\/\/www.sudoestehoje.com.br\/novoportal\/?p=121396"},"modified":"2025-04-07T09:40:52","modified_gmt":"2025-04-07T12:40:52","slug":"itapetinga-eduardo-marca-coletiva-para-falar-dos-seus-100-dias-sao-joao-e-conquistas-junto-ao-governo","status":"publish","type":"post","link":"https:\/\/www.sudoestehoje.com.br\/novoportal\/2025\/04\/07\/itapetinga-eduardo-marca-coletiva-para-falar-dos-seus-100-dias-sao-joao-e-conquistas-junto-ao-governo\/","title":{"rendered":"ITAPETINGA | EDUARDO MARCA COLETIVA PARA FALAR DOS SEUS 100 DIAS, S\u00c3O JO\u00c3O E CONQUISTAS JUNTO AO GOVERNO"},"content":{"rendered":"<div id=\"attachment_121398\" style=\"width: 571px\" class=\"wp-caption alignnone\"><img loading=\"lazy\" decoding=\"async\" aria-describedby=\"caption-attachment-121398\" class=\" wp-image-121398\" src=\"https:\/\/www.sudoestehoje.com.br\/novoportal\/wp-content\/uploads\/2025\/04\/COLETIVA-770x405-1.jpg\" alt=\"\" width=\"561\" height=\"295\" \/><p id=\"caption-attachment-121398\" class=\"wp-caption-text\">IMAGEM ARQUIVO SUDOESTE HOJE<\/p><\/div>\n<p><strong>Regressando a Itapetinga ap\u00f3s viagem a Salvador para tratar de assuntos da sua gest\u00e3o junto ao governo do estado, o prefeito de Itapetinga, Eduardo Hagge, convocou a imprensa local e regional para uma entrevista coletiva nesta segunda-feira (7), no audit\u00f3rio da Coopardo, a partir das 15h, com pauta concorrida.<\/strong><\/p>\n<p><strong>100 DIAS DE GOVERNO<\/strong><\/p>\n<p><strong>Na entrevista coletiva, o prefeito prestar\u00e1 conta dos seus primeiros 100 dias de governo, detalhando suas principais a\u00e7\u00f5es, situa\u00e7\u00e3o financeira da prefeitura e provid\u00eancias adotadas para facilitar a governabilidade.<\/strong><\/p>\n<p><strong>CONQUISTAS JUNTO AO GOVERNO DO ESTADO<\/strong><\/p>\n<p><strong>Na pauta prevista para a coletiva de hoje, o prefeito dever\u00e1 relatar as suas conquistas junto ao governo do estado, a forma como foi recepcionado pelo governador Jer\u00f4nimo Rodrigues e todo o seu secretariado e diretores das estatais que visitou.<\/strong><\/p>\n<p><strong>FESTEJOS DE S\u00c3O JO\u00c3O<\/strong><\/p>\n<p><strong>Ap\u00f3s ter garantido a realiza\u00e7\u00e3o dos festejos de S\u00e3o Jo\u00e3o no Parque Poliesportivo da Lagoa, entre os dias 20, 21, 22 e 23 de junho, Eduardo dever\u00e1 anunciar as primeiras atra\u00e7\u00f5es para a festa. A expectativa \u00e9 grande e um nome forte da m\u00fasica nordestina poder\u00e1 ser anunciado durante a entrevista do prefeito.<\/strong><\/p>\n<p><strong>Quem ser\u00e1?<\/strong><\/p>\n<p><strong>Por Davi Ferraz\u00a0<\/strong><\/p>\n","protected":false},"excerpt":{"rendered":"<p>Regressando a Itapetinga ap\u00f3s viagem a Salvador para tratar de assuntos da sua gest\u00e3o junto ao governo do estado, o prefeito de Itapetinga, Eduardo Hagge, convocou a imprensa local e regional para uma entrevista coletiva nesta segunda-feira (7), no audit\u00f3rio da Coopardo, a partir das 15h, com pauta concorrida. 100 DIAS DE GOVERNO Na entrevista [&hellip;]<\/p>\n","protected":false},"author":2,"featured_media":121398,"comment_status":"closed","ping_status":"open","sticky":false,"template":"","format":"standard","meta":{"footnotes":"","_links_to":"","_links_to_target":""},"categories":[1],"tags":[],"class_list":["post-121396","post","type-post","status-publish","format-standard","has-post-thumbnail","hentry","category-geral"],"views":1066,"_links":{"self":[{"href":"https:\/\/www.sudoestehoje.com.br\/novoportal\/wp-json\/wp\/v2\/posts\/121396","targetHints":{"allow":["GET"]}}],"collection":[{"href":"https:\/\/www.sudoestehoje.com.br\/novoportal\/wp-json\/wp\/v2\/posts"}],"about":[{"href":"https:\/\/www.sudoestehoje.com.br\/novoportal\/wp-json\/wp\/v2\/types\/post"}],"author":[{"embeddable":true,"href":"https:\/\/www.sudoestehoje.com.br\/novoportal\/wp-json\/wp\/v2\/users\/2"}],"replies":[{"embeddable":true,"href":"https:\/\/www.sudoestehoje.com.br\/novoportal\/wp-json\/wp\/v2\/comments?post=121396"}],"version-history":[{"count":2,"href":"https:\/\/www.sudoestehoje.com.br\/novoportal\/wp-json\/wp\/v2\/posts\/121396\/revisions"}],"predecessor-version":[{"id":121399,"href":"https:\/\/www.sudoestehoje.com.br\/novoportal\/wp-json\/wp\/v2\/posts\/121396\/revisions\/121399"}],"wp:featuredmedia":[{"embeddable":true,"href":"https:\/\/www.sudoestehoje.com.br\/novoportal\/wp-json\/wp\/v2\/media\/121398"}],"wp:attachment":[{"href":"https:\/\/www.sudoestehoje.com.br\/novoportal\/wp-json\/wp\/v2\/media?parent=121396"}],"wp:term":[{"taxonomy":"category","embeddable":true,"href":"https:\/\/www.sudoestehoje.com.br\/novoportal\/wp-json\/wp\/v2\/categories?post=121396"},{"taxonomy":"post_tag","embeddable":true,"href":"https:\/\/www.sudoestehoje.com.br\/novoportal\/wp-json\/wp\/v2\/tags?post=121396"}],"curies":[{"name":"wp","href":"https:\/\/api.w.org\/{rel}","templated":true}]}}