
{"id":121390,"date":"2025-04-06T18:56:01","date_gmt":"2025-04-06T21:56:01","guid":{"rendered":"https:\/\/www.sudoestehoje.com.br\/novoportal\/?p=121390"},"modified":"2025-04-06T18:56:01","modified_gmt":"2025-04-06T21:56:01","slug":"anistia-em-ingles-bolsonaro-critica-stf-e-diz-que-pipoqueiro-e-sorveteiro-foram-presos-por-tentativa-de-golpe","status":"publish","type":"post","link":"https:\/\/www.sudoestehoje.com.br\/novoportal\/2025\/04\/06\/anistia-em-ingles-bolsonaro-critica-stf-e-diz-que-pipoqueiro-e-sorveteiro-foram-presos-por-tentativa-de-golpe\/","title":{"rendered":"ANISTIA | EM INGL\u00caS, BOLSONARO CRITICA STF E DIZ QUE PIPOQUEIRO E SORVETEIRO FORAM PRESOS POR TENTATIVA DE GOLPE"},"content":{"rendered":"<p><img loading=\"lazy\" decoding=\"async\" class=\"alignnone  wp-image-121394\" src=\"https:\/\/www.sudoestehoje.com.br\/novoportal\/wp-content\/uploads\/2025\/04\/download-2-1.jpg\" alt=\"\" width=\"560\" height=\"303\" \/><\/p>\n<p><strong>Durante discurso neste domingo (6), na Avenida Paulista, em S\u00e3o Paulo, o ex-presidente Jair Bolsonaro (PL) voltou a criticar o Supremo Tribunal Federal (STF) e citou, em ingl\u00eas, a condena\u00e7\u00e3o de dois homens acusados de envolvimento nos atos de 8 de Janeiro. \u201cPopcorn and ice cream sellers sentenced for coup attempt in Brazil\u201d, declarou, referindo-se ao pipoqueiro Carlos Eifler, de 54 anos, e ao sorveteiro Otoniel da Cruz, de 45 anos.<\/strong><\/p>\n<p class=\"\" data-start=\"661\" data-end=\"948\"><strong>A fala aconteceu durante o ato pr\u00f3-anistia aos presos pelos ataques \u00e0s sedes dos Tr\u00eas Poderes, em Bras\u00edlia, em 2023. Bolsonaro afirmou que o julgamento \u00e9 \u201cinacredit\u00e1vel\u201d e disse n\u00e3o dominar o ingl\u00eas por uma \u201cfalha na forma\u00e7\u00e3o\u201d, justificando a leitura da frase como uma mensagem ao mundo.<\/strong><\/p>\n<p class=\"\" data-start=\"950\" data-end=\"1281\"><strong>O Supremo Tribunal Federal j\u00e1 formou maioria para condenar Otoniel, Carlos e outros quatro r\u00e9us por envolvimento nos atos antidemocr\u00e1ticos. Votaram a favor da condena\u00e7\u00e3o os ministros Alexandre de Moraes (relator), Cristiano Zanin, Fl\u00e1vio Dino, Dias Toffoli, Edson Fachin e C\u00e1rmen L\u00facia. Apenas Andr\u00e9 Mendon\u00e7a votou pela absolvi\u00e7\u00e3o.<\/strong><\/p>\n","protected":false},"excerpt":{"rendered":"<p>Durante discurso neste domingo (6), na Avenida Paulista, em S\u00e3o Paulo, o ex-presidente Jair Bolsonaro (PL) voltou a criticar o Supremo Tribunal Federal (STF) e citou, em ingl\u00eas, a condena\u00e7\u00e3o de dois homens acusados de envolvimento nos atos de 8 de Janeiro. \u201cPopcorn and ice cream sellers sentenced for coup attempt in Brazil\u201d, declarou, referindo-se [&hellip;]<\/p>\n","protected":false},"author":2,"featured_media":121394,"comment_status":"closed","ping_status":"open","sticky":false,"template":"","format":"standard","meta":{"footnotes":"","_links_to":"","_links_to_target":""},"categories":[1],"tags":[],"class_list":["post-121390","post","type-post","status-publish","format-standard","has-post-thumbnail","hentry","category-geral"],"views":798,"_links":{"self":[{"href":"https:\/\/www.sudoestehoje.com.br\/novoportal\/wp-json\/wp\/v2\/posts\/121390","targetHints":{"allow":["GET"]}}],"collection":[{"href":"https:\/\/www.sudoestehoje.com.br\/novoportal\/wp-json\/wp\/v2\/posts"}],"about":[{"href":"https:\/\/www.sudoestehoje.com.br\/novoportal\/wp-json\/wp\/v2\/types\/post"}],"author":[{"embeddable":true,"href":"https:\/\/www.sudoestehoje.com.br\/novoportal\/wp-json\/wp\/v2\/users\/2"}],"replies":[{"embeddable":true,"href":"https:\/\/www.sudoestehoje.com.br\/novoportal\/wp-json\/wp\/v2\/comments?post=121390"}],"version-history":[{"count":3,"href":"https:\/\/www.sudoestehoje.com.br\/novoportal\/wp-json\/wp\/v2\/posts\/121390\/revisions"}],"predecessor-version":[{"id":121395,"href":"https:\/\/www.sudoestehoje.com.br\/novoportal\/wp-json\/wp\/v2\/posts\/121390\/revisions\/121395"}],"wp:featuredmedia":[{"embeddable":true,"href":"https:\/\/www.sudoestehoje.com.br\/novoportal\/wp-json\/wp\/v2\/media\/121394"}],"wp:attachment":[{"href":"https:\/\/www.sudoestehoje.com.br\/novoportal\/wp-json\/wp\/v2\/media?parent=121390"}],"wp:term":[{"taxonomy":"category","embeddable":true,"href":"https:\/\/www.sudoestehoje.com.br\/novoportal\/wp-json\/wp\/v2\/categories?post=121390"},{"taxonomy":"post_tag","embeddable":true,"href":"https:\/\/www.sudoestehoje.com.br\/novoportal\/wp-json\/wp\/v2\/tags?post=121390"}],"curies":[{"name":"wp","href":"https:\/\/api.w.org\/{rel}","templated":true}]}}