
{"id":121366,"date":"2025-04-03T10:07:30","date_gmt":"2025-04-03T13:07:30","guid":{"rendered":"https:\/\/www.sudoestehoje.com.br\/novoportal\/?p=121366"},"modified":"2025-04-03T13:45:20","modified_gmt":"2025-04-03T16:45:20","slug":"quentinhas-boa-relacao-do-prefeito-com-o-governo-nunca-foi-bicho-de-7-cabecas","status":"publish","type":"post","link":"https:\/\/www.sudoestehoje.com.br\/novoportal\/2025\/04\/03\/quentinhas-boa-relacao-do-prefeito-com-o-governo-nunca-foi-bicho-de-7-cabecas\/","title":{"rendered":"QUENTINHAS | BOA RELA\u00c7\u00c3O DO PREFEITO COM O GOVERNO NUNCA FOI &#8216;BICHO DE 7 CABE\u00c7AS&#8217;"},"content":{"rendered":"<p><img loading=\"lazy\" decoding=\"async\" class=\"alignnone wp-image-121369\" src=\"https:\/\/www.sudoestehoje.com.br\/novoportal\/wp-content\/uploads\/2025\/04\/b087fbc9-7971-44c9-b854-e0a5545b1623.jpg\" alt=\"\" width=\"560\" height=\"351\"><\/p>\n<p><strong>ITAPETINGA N\u00c3O \u00c9 UMA ILHA<\/strong><\/p>\n<p><strong>A ida de Eduardo Hagge a Salvador, para se encontrar com o governador Jer\u00f4nimo em busca de melhorias para a cidade, \u00e9 ato corriqueiro e obriga\u00e7\u00e3o de qualquer prefeito. Itapetinga n\u00e3o \u00e9 uma ilha e n\u00e3o tem or\u00e7amento suficiente para resolver todas as demandas, principalmente as de grande porte, como o Hospital Regional, maior aspira\u00e7\u00e3o da nossa popula\u00e7\u00e3o, neste momento. Eduardo acertou na mosca e deve colher bons resultados nesta nova parceria com o Estado.<\/strong><\/p>\n<p><strong>MICHEL FEZ PARCERIA COM O VELHO ACM E COM WAGNER, LEMBRAM?<\/strong><\/p>\n<p><strong>No ano 1999, quando o prefeito de Itapetinga era Z\u00e9 Ot\u00e1vio, Michel fez uma alian\u00e7a pol\u00edtica com seu maior advers\u00e1rio, o velho ACM, para apoiar a candidatura de Luiz Eduardo Magalh\u00e3es ao governo da Bahia. Com a morte repentina de Luiz Eduardo e reelei\u00e7\u00e3o de Z\u00e9 Ot\u00e1vio nas elei\u00e7\u00f5es de 2000, a alian\u00e7a feita atrav\u00e9s de Geddel gorou, mas Michel se reelegeu deputado estadual pela oposi\u00e7\u00e3o. Em 2006, Michel apoiou a candidatura de Jaques Wagner (PT) ao governo, que acabou derrotando Paulo Souto (PFL), ainda no primeiro turno. Nunca comemoramos tanto. Wagner retribuiu em 2008, subindo no palanque de Michel, que concorria contra o seu partido, o PT. <\/strong><\/p>\n<p><strong>GABIRABAS, SEMPRE GABIRADAS<\/strong><\/p>\n<p><strong>Com este hist\u00f3rico de fidelidade \u00e0 sua maior lideran\u00e7a, Michel Hagge, os &#8216;gabirabas&#8217; levaram Rodrigo e Eduardo a 3 vit\u00f3rias municipais consecutivas, consolidando o maior grupo pol\u00edtico da hist\u00f3ria do munic\u00edpio, agregando mais do que dividindo. Ades\u00f5es &#8216;interesseiras&#8217; sempre existiram e pesam pouco neste contexto atual. Ades\u00f5es precisam acontecer, para esvaziar e desarticular a oposi\u00e7\u00e3o. Assim como Rodrigo, Eduardo dever\u00e1 receber muitos apoios de gente da oposi\u00e7\u00e3o, mas dar\u00e1 a cada um o se verdadeiro peso. Aderir pode, encostar, nem ver&#8230;<\/strong><\/p>\n<p><strong>OPORTUNISMO BARATO E OPOSI\u00c7\u00c3O SEM CONSIST\u00caNCIA<\/strong><\/p>\n<p><strong>Bastou Eduardo tirar a primeira foto com o governador, ap\u00f3s as elei\u00e7\u00f5es, para aparecerem os oportunistas de plant\u00e3o comemorando um poss\u00edvel acordo pol\u00edtico com o governo, como se fosse m\u00e9rito deles. Gente que queria ver Michel, Rodrigo e o pr\u00f3prio Eduardo pelas costas, achou porreta e inundou as redes sociais com manifesta\u00e7\u00f5es de aplausos, elogios a quem vinham falando mal, at\u00e9 a semana passada. Na oposi\u00e7\u00e3o inconsistente de alguns, gerou a maior ciumeira e o receio de que Eduardo possa ocupar o espa\u00e7o de Cida Moura, candidata derrotada nas \u00faltimas elei\u00e7\u00f5es Se esquecem de que o MDB j\u00e1 fazia parte da base do governador e que s\u00f3 faltava di\u00e1logo. Fiquem sossegados e se preparem para a pr\u00f3xima&#8230;<\/strong><\/p>\n<p><strong>Por Davi Ferraz<\/strong><\/p>\n","protected":false},"excerpt":{"rendered":"<p>ITAPETINGA N\u00c3O \u00c9 UMA ILHA A ida de Eduardo Hagge a Salvador, para se encontrar com o governador Jer\u00f4nimo em busca de melhorias para a cidade, \u00e9 ato corriqueiro e obriga\u00e7\u00e3o de qualquer prefeito. Itapetinga n\u00e3o \u00e9 uma ilha e n\u00e3o tem or\u00e7amento suficiente para resolver todas as demandas, principalmente as de grande porte, como [&hellip;]<\/p>\n","protected":false},"author":2,"featured_media":121369,"comment_status":"closed","ping_status":"open","sticky":false,"template":"","format":"standard","meta":{"footnotes":"","_links_to":"","_links_to_target":""},"categories":[1],"tags":[],"class_list":["post-121366","post","type-post","status-publish","format-standard","has-post-thumbnail","hentry","category-geral"],"views":1054,"_links":{"self":[{"href":"https:\/\/www.sudoestehoje.com.br\/novoportal\/wp-json\/wp\/v2\/posts\/121366","targetHints":{"allow":["GET"]}}],"collection":[{"href":"https:\/\/www.sudoestehoje.com.br\/novoportal\/wp-json\/wp\/v2\/posts"}],"about":[{"href":"https:\/\/www.sudoestehoje.com.br\/novoportal\/wp-json\/wp\/v2\/types\/post"}],"author":[{"embeddable":true,"href":"https:\/\/www.sudoestehoje.com.br\/novoportal\/wp-json\/wp\/v2\/users\/2"}],"replies":[{"embeddable":true,"href":"https:\/\/www.sudoestehoje.com.br\/novoportal\/wp-json\/wp\/v2\/comments?post=121366"}],"version-history":[{"count":5,"href":"https:\/\/www.sudoestehoje.com.br\/novoportal\/wp-json\/wp\/v2\/posts\/121366\/revisions"}],"predecessor-version":[{"id":121372,"href":"https:\/\/www.sudoestehoje.com.br\/novoportal\/wp-json\/wp\/v2\/posts\/121366\/revisions\/121372"}],"wp:featuredmedia":[{"embeddable":true,"href":"https:\/\/www.sudoestehoje.com.br\/novoportal\/wp-json\/wp\/v2\/media\/121369"}],"wp:attachment":[{"href":"https:\/\/www.sudoestehoje.com.br\/novoportal\/wp-json\/wp\/v2\/media?parent=121366"}],"wp:term":[{"taxonomy":"category","embeddable":true,"href":"https:\/\/www.sudoestehoje.com.br\/novoportal\/wp-json\/wp\/v2\/categories?post=121366"},{"taxonomy":"post_tag","embeddable":true,"href":"https:\/\/www.sudoestehoje.com.br\/novoportal\/wp-json\/wp\/v2\/tags?post=121366"}],"curies":[{"name":"wp","href":"https:\/\/api.w.org\/{rel}","templated":true}]}}