
{"id":121362,"date":"2025-04-02T16:55:00","date_gmt":"2025-04-02T19:55:00","guid":{"rendered":"https:\/\/www.sudoestehoje.com.br\/novoportal\/?p=121362"},"modified":"2025-04-02T16:55:00","modified_gmt":"2025-04-02T19:55:00","slug":"pedro-tavares-lamenta-demissoes-em-obras-da-fiol-e-porto-sul-e-cobra-solucao-para-impasses","status":"publish","type":"post","link":"https:\/\/www.sudoestehoje.com.br\/novoportal\/2025\/04\/02\/pedro-tavares-lamenta-demissoes-em-obras-da-fiol-e-porto-sul-e-cobra-solucao-para-impasses\/","title":{"rendered":"PEDRO TAVARES LAMENTA DEMISS\u00d5ES EM OBRAS DA FIOL E PORTO SUL E COBRA SOLU\u00c7\u00c3O PARA IMPASSES"},"content":{"rendered":"<p><img loading=\"lazy\" decoding=\"async\" class=\"alignnone  wp-image-121363\" src=\"https:\/\/www.sudoestehoje.com.br\/novoportal\/wp-content\/uploads\/2025\/04\/62873-901467-2024-09-24-18-25-13.jpg\" alt=\"\" width=\"560\" height=\"315\" \/><\/p>\n<p><strong>Em pronunciamento na Assembleia Legislativa da Bahia (ALBA), o deputado estadual Pedro Tavares (Uni\u00e3o Brasil) expressou preocupa\u00e7\u00e3o com o andamento das obras da Ferrovia de Integra\u00e7\u00e3o Oeste-Leste (FIOL) e do Porto Sul. O parlamentar se referiu a rescis\u00e3o do contrato entre a Bamin e a Prumo Engenharia, empresa respons\u00e1vel pelo trecho da ferrovia no sul do estado, o que resultou na paralisa\u00e7\u00e3o das obras e na demiss\u00e3o de 300 trabalhadores, conforme noticiado pela imprensa ontem (01\/04).<\/strong><\/p>\n<p><strong>\u200bDurante o discurso, Tavares ressaltou que a situa\u00e7\u00e3o evidencia as dificuldades enfrentadas pelo projeto e a necessidade de uma a\u00e7\u00e3o imediata dos governos federal e estadual para resolver os impasses.<\/strong><\/p>\n<p><strong><em>\u201cA regi\u00e3o sul da Bahia n\u00e3o aguenta mais esperar. Precisamos que os governos federal e estadual tomem medidas concretas para que esse sonho se transforme em realidade. N\u00e3o podemos permitir que essa obra continue sendo apenas uma maquete bonita. Essa obra tem que se tornar realidade, gerando emprego, renda e desenvolvimento para o estado. Infelizmente, a cada dia que passa, vemos menos avan\u00e7os e mais incertezas. \u00c9 urgente que os governos se mobilizem para destravar e garantir a conclus\u00e3o da ferrovia e do Porto Sul \u201d<\/em>, enfatizou. \/\/Ascom<\/strong><\/p>\n","protected":false},"excerpt":{"rendered":"<p>Em pronunciamento na Assembleia Legislativa da Bahia (ALBA), o deputado estadual Pedro Tavares (Uni\u00e3o Brasil) expressou preocupa\u00e7\u00e3o com o andamento das obras da Ferrovia de Integra\u00e7\u00e3o Oeste-Leste (FIOL) e do Porto Sul. O parlamentar se referiu a rescis\u00e3o do contrato entre a Bamin e a Prumo Engenharia, empresa respons\u00e1vel pelo trecho da ferrovia no sul [&hellip;]<\/p>\n","protected":false},"author":2,"featured_media":121363,"comment_status":"closed","ping_status":"open","sticky":false,"template":"","format":"standard","meta":{"footnotes":"","_links_to":"","_links_to_target":""},"categories":[1],"tags":[],"class_list":["post-121362","post","type-post","status-publish","format-standard","has-post-thumbnail","hentry","category-geral"],"views":472,"_links":{"self":[{"href":"https:\/\/www.sudoestehoje.com.br\/novoportal\/wp-json\/wp\/v2\/posts\/121362","targetHints":{"allow":["GET"]}}],"collection":[{"href":"https:\/\/www.sudoestehoje.com.br\/novoportal\/wp-json\/wp\/v2\/posts"}],"about":[{"href":"https:\/\/www.sudoestehoje.com.br\/novoportal\/wp-json\/wp\/v2\/types\/post"}],"author":[{"embeddable":true,"href":"https:\/\/www.sudoestehoje.com.br\/novoportal\/wp-json\/wp\/v2\/users\/2"}],"replies":[{"embeddable":true,"href":"https:\/\/www.sudoestehoje.com.br\/novoportal\/wp-json\/wp\/v2\/comments?post=121362"}],"version-history":[{"count":2,"href":"https:\/\/www.sudoestehoje.com.br\/novoportal\/wp-json\/wp\/v2\/posts\/121362\/revisions"}],"predecessor-version":[{"id":121365,"href":"https:\/\/www.sudoestehoje.com.br\/novoportal\/wp-json\/wp\/v2\/posts\/121362\/revisions\/121365"}],"wp:featuredmedia":[{"embeddable":true,"href":"https:\/\/www.sudoestehoje.com.br\/novoportal\/wp-json\/wp\/v2\/media\/121363"}],"wp:attachment":[{"href":"https:\/\/www.sudoestehoje.com.br\/novoportal\/wp-json\/wp\/v2\/media?parent=121362"}],"wp:term":[{"taxonomy":"category","embeddable":true,"href":"https:\/\/www.sudoestehoje.com.br\/novoportal\/wp-json\/wp\/v2\/categories?post=121362"},{"taxonomy":"post_tag","embeddable":true,"href":"https:\/\/www.sudoestehoje.com.br\/novoportal\/wp-json\/wp\/v2\/tags?post=121362"}],"curies":[{"name":"wp","href":"https:\/\/api.w.org\/{rel}","templated":true}]}}