
{"id":12136,"date":"2012-01-15T19:55:12","date_gmt":"2012-01-15T22:55:12","guid":{"rendered":"http:\/\/www.sudoestehoje.com.br\/novoportal\/?p=12136"},"modified":"2012-01-15T19:55:12","modified_gmt":"2012-01-15T22:55:12","slug":"imagem-da-semana-4","status":"publish","type":"post","link":"https:\/\/www.sudoestehoje.com.br\/novoportal\/2012\/01\/15\/imagem-da-semana-4\/","title":{"rendered":"IMAGEM DA SEMANA"},"content":{"rendered":"<p style=\"text-align: center;\"><img decoding=\"async\" class=\"aligncenter\" src=\"http:\/\/veja.abril.com.br\/assets\/pictures\/62492\/naufragio-navio-costa-concordia-05-20120114-size-598.jpg\" alt=\"Vista geral do transatl\u00e2ntico Costa Concordia, durante o naufr\u00e1gio na ilha de Giglio, na It\u00e1lia - 14\/01\/2012 \" width=\"500\" \/><\/p>\n<p style=\"text-align: center;\">NAUFR\u00c1GIO DO TRANSATL\u00c2NTICO &#8216;CONCORDIA&#8217;, NA COSTA DA IT\u00c1LIA<\/p>\n","protected":false},"excerpt":{"rendered":"<p>NAUFR\u00c1GIO DO TRANSATL\u00c2NTICO &#8216;CONCORDIA&#8217;, NA COSTA DA IT\u00c1LIA<\/p>\n","protected":false},"author":2,"featured_media":0,"comment_status":"open","ping_status":"open","sticky":false,"template":"","format":"standard","meta":{"footnotes":"","_links_to":"","_links_to_target":""},"categories":[1],"tags":[],"class_list":["post-12136","post","type-post","status-publish","format-standard","hentry","category-geral"],"views":1059,"_links":{"self":[{"href":"https:\/\/www.sudoestehoje.com.br\/novoportal\/wp-json\/wp\/v2\/posts\/12136","targetHints":{"allow":["GET"]}}],"collection":[{"href":"https:\/\/www.sudoestehoje.com.br\/novoportal\/wp-json\/wp\/v2\/posts"}],"about":[{"href":"https:\/\/www.sudoestehoje.com.br\/novoportal\/wp-json\/wp\/v2\/types\/post"}],"author":[{"embeddable":true,"href":"https:\/\/www.sudoestehoje.com.br\/novoportal\/wp-json\/wp\/v2\/users\/2"}],"replies":[{"embeddable":true,"href":"https:\/\/www.sudoestehoje.com.br\/novoportal\/wp-json\/wp\/v2\/comments?post=12136"}],"version-history":[{"count":3,"href":"https:\/\/www.sudoestehoje.com.br\/novoportal\/wp-json\/wp\/v2\/posts\/12136\/revisions"}],"predecessor-version":[{"id":12139,"href":"https:\/\/www.sudoestehoje.com.br\/novoportal\/wp-json\/wp\/v2\/posts\/12136\/revisions\/12139"}],"wp:attachment":[{"href":"https:\/\/www.sudoestehoje.com.br\/novoportal\/wp-json\/wp\/v2\/media?parent=12136"}],"wp:term":[{"taxonomy":"category","embeddable":true,"href":"https:\/\/www.sudoestehoje.com.br\/novoportal\/wp-json\/wp\/v2\/categories?post=12136"},{"taxonomy":"post_tag","embeddable":true,"href":"https:\/\/www.sudoestehoje.com.br\/novoportal\/wp-json\/wp\/v2\/tags?post=12136"}],"curies":[{"name":"wp","href":"https:\/\/api.w.org\/{rel}","templated":true}]}}