
{"id":121310,"date":"2025-03-31T18:52:56","date_gmt":"2025-03-31T21:52:56","guid":{"rendered":"https:\/\/www.sudoestehoje.com.br\/novoportal\/?p=121310"},"modified":"2025-04-01T08:37:56","modified_gmt":"2025-04-01T11:37:56","slug":"itapetinga-prefeito-eduardo-tem-encontro-institucional-com-jeronimo-nesta-terca","status":"publish","type":"post","link":"https:\/\/www.sudoestehoje.com.br\/novoportal\/2025\/03\/31\/itapetinga-prefeito-eduardo-tem-encontro-institucional-com-jeronimo-nesta-terca\/","title":{"rendered":"ITAPETINGA | PREFEITO EDUARDO TEM ENCONTRO INSTITUCIONAL COM JER\u00d4NIMO NESTA TER\u00c7A"},"content":{"rendered":"<p><img loading=\"lazy\" decoding=\"async\" class=\"alignnone wp-image-121312\" src=\"https:\/\/www.sudoestehoje.com.br\/novoportal\/wp-content\/uploads\/2025\/03\/images-3.jpg\" alt=\"\" width=\"560\" height=\"560\"><\/p>\n<p><strong>Nesta ter\u00e7a-feira (1), o prefeito Eduardo Hagge ser\u00e1 recebido pelo governador Jer\u00f4nimo Rodrigues, em Salvador, para tratar de uma pauta institucional com alguns pedidos importantes para Itapetinga, a exemplo do Hospital Regional, sonho antigo dos Itapetinguenses.<\/strong><\/p>\n<p><strong>De acordo com informa\u00e7\u00f5es do gabinete do prefeito, os outros itens da pauta ser\u00e3o divulgados pelo pr\u00f3prio prefeito, ap\u00f3s o resultado do encontro com o governador.<\/strong><\/p>\n<p><strong>Eduardo viajou para a capital nesta segunda (31),acompanhado pela sua esposa Zez\u00e9 Hagge, seu filho Dudu, a convite do governador, al\u00e9m do secret\u00e1rio de governo <\/strong>Geraldo Trindade.<\/p>\n<p><strong>A pauta com o governo, a princ\u00edpio, \u00e9 meramente institucional, mas pode evoluir para um acordo pol\u00edtico futuro, com o gestor municipal e seus apoiadores desembarcando no grupo do governo.<\/strong><\/p>\n<p><em><strong>Por Davi Ferraz<\/strong><\/em><\/p>\n","protected":false},"excerpt":{"rendered":"<p>Nesta ter\u00e7a-feira (1), o prefeito Eduardo Hagge ser\u00e1 recebido pelo governador Jer\u00f4nimo Rodrigues, em Salvador, para tratar de uma pauta institucional com alguns pedidos importantes para Itapetinga, a exemplo do Hospital Regional, sonho antigo dos Itapetinguenses. De acordo com informa\u00e7\u00f5es do gabinete do prefeito, os outros itens da pauta ser\u00e3o divulgados pelo pr\u00f3prio prefeito, ap\u00f3s [&hellip;]<\/p>\n","protected":false},"author":2,"featured_media":121312,"comment_status":"closed","ping_status":"open","sticky":false,"template":"","format":"standard","meta":{"footnotes":"","_links_to":"","_links_to_target":""},"categories":[1],"tags":[],"class_list":["post-121310","post","type-post","status-publish","format-standard","has-post-thumbnail","hentry","category-geral"],"views":1225,"_links":{"self":[{"href":"https:\/\/www.sudoestehoje.com.br\/novoportal\/wp-json\/wp\/v2\/posts\/121310","targetHints":{"allow":["GET"]}}],"collection":[{"href":"https:\/\/www.sudoestehoje.com.br\/novoportal\/wp-json\/wp\/v2\/posts"}],"about":[{"href":"https:\/\/www.sudoestehoje.com.br\/novoportal\/wp-json\/wp\/v2\/types\/post"}],"author":[{"embeddable":true,"href":"https:\/\/www.sudoestehoje.com.br\/novoportal\/wp-json\/wp\/v2\/users\/2"}],"replies":[{"embeddable":true,"href":"https:\/\/www.sudoestehoje.com.br\/novoportal\/wp-json\/wp\/v2\/comments?post=121310"}],"version-history":[{"count":5,"href":"https:\/\/www.sudoestehoje.com.br\/novoportal\/wp-json\/wp\/v2\/posts\/121310\/revisions"}],"predecessor-version":[{"id":121316,"href":"https:\/\/www.sudoestehoje.com.br\/novoportal\/wp-json\/wp\/v2\/posts\/121310\/revisions\/121316"}],"wp:featuredmedia":[{"embeddable":true,"href":"https:\/\/www.sudoestehoje.com.br\/novoportal\/wp-json\/wp\/v2\/media\/121312"}],"wp:attachment":[{"href":"https:\/\/www.sudoestehoje.com.br\/novoportal\/wp-json\/wp\/v2\/media?parent=121310"}],"wp:term":[{"taxonomy":"category","embeddable":true,"href":"https:\/\/www.sudoestehoje.com.br\/novoportal\/wp-json\/wp\/v2\/categories?post=121310"},{"taxonomy":"post_tag","embeddable":true,"href":"https:\/\/www.sudoestehoje.com.br\/novoportal\/wp-json\/wp\/v2\/tags?post=121310"}],"curies":[{"name":"wp","href":"https:\/\/api.w.org\/{rel}","templated":true}]}}