
{"id":12125,"date":"2012-01-14T19:30:11","date_gmt":"2012-01-14T22:30:11","guid":{"rendered":"http:\/\/www.sudoestehoje.com.br\/novoportal\/?p=12125"},"modified":"2012-01-14T19:35:26","modified_gmt":"2012-01-14T22:35:26","slug":"navio-com-4-mil-passageiros-afunda-na-italia","status":"publish","type":"post","link":"https:\/\/www.sudoestehoje.com.br\/novoportal\/2012\/01\/14\/navio-com-4-mil-passageiros-afunda-na-italia\/","title":{"rendered":"NAVIO DE LUXO AFUNDA NA IT\u00c1LIA COM 53 BRASILEIROS \u00c0 BORDO"},"content":{"rendered":"<p style=\"text-align: center;\"><img loading=\"lazy\" decoding=\"async\" class=\"aligncenter\" src=\"http:\/\/i1.r7.com\/data\/files\/2C95\/948E\/34D2\/4052\/0134\/DCBC\/9104\/6F62\/naufragio-it%C3%A1lia-9-g-20120114.jpg\" alt=\"naufragio-it\u00e1lia-9-g-20120114\" width=\"400\" height=\"300\" \/><\/p>\n<p style=\"text-align: center;\"><em><strong>O Costa Conc\u00f3rdia levava 4 mil passageiros<\/strong><\/em><\/p>\n<p>Pelos menos tr\u00eas pessoas morreram e outras dezenas ficaram feridas na noite de sexta-feira (13), ap\u00f3s um navio da empresa Costa Cruzeiros encalhar com mais de 4 mil passageiros a bordo em um banco de areia pr\u00f3ximo \u00e0 ilha de Giglio, regi\u00e3o da Toscana, na It\u00e1lia. De acordo com a imprensa local, a retirada dos \u00faltimos passageiros e membros da tripula\u00e7\u00e3o apresentou complica\u00e7\u00f5es. Um dos passageiros da embarca\u00e7\u00e3o disse \u00e0 imprensa italiana que, por volta das 21h30 (18h30 no hor\u00e1rio de Bras\u00edlia), &#8220;todos estavam jantando quando a luz apagou, houve um tranco e os pratos ca\u00edram da mesa&#8221;. Quando a luz voltou, o comandante do navio anunciou uma avaria no gerador el\u00e9trico e garantiu um conserto r\u00e1pido, mas um vazamento de \u00e1gua se abriu na embarca\u00e7\u00e3o, que ficou inclinada. A tripula\u00e7\u00e3o pediu que todos colocassem os coletes salva-vidas e logo veio a ordem para abandonar o navio, disse o passageiro. O navio, que partiu na sexta de Civitavecchia, na regi\u00e3o de Roma, faria um cruzeiro de uma semana pelo Mar Mediterr\u00e2neo com escalas programadas pelas cidades de Savona, Marselha, Barcelona, Palma de Mallorca, Cagliari e Palermo.<\/p>\n<p>BRASILEIROS \u00c0 BORDO<\/p>\n<p>O governo brasileiro, atrav\u00e9s do Minist\u00e9rio das Rela\u00e7\u00f5es Exteriores, informou na tarde deste s\u00e1bado (14) que havia 53 brasileiros, e n\u00e3o 26, entre os 3,2 mil passageiros e mil tripulantes do barco de cruzeiro. Os brasileiros s\u00e3o 47 passageiros e 6 tripulantes, segundo o Itamaraty, que cita informa\u00e7\u00f5es do consulado brasileiro em Roma. Por volta de 12h25, a empresa Costa Cruzeiros, dona do Costa Concordia, chegou a informar que eram 46 passageiros brasileiros. Segundo o G1, um grupo de 26 est\u00e1 se dirigindo, de \u00f4nibus, para Mil\u00e3o, segundo o consulado brasileiro na cidade.\u00a0 De acordo com autoridades italianas, o acidente deixou tr\u00eas pessoas mortas, 14 feridos e pelo menos 70 desaparecidos. Os mortos, segundo a imprensa italiana, que citou autoridades locais, seriam dois turistas franceses e um tripulante peruano. BN<\/p>\n","protected":false},"excerpt":{"rendered":"<p>O Costa Conc\u00f3rdia levava 4 mil passageiros Pelos menos tr\u00eas pessoas morreram e outras dezenas ficaram feridas na noite de sexta-feira (13), ap\u00f3s um navio da empresa Costa Cruzeiros encalhar com mais de 4 mil passageiros a bordo em um banco de areia pr\u00f3ximo \u00e0 ilha de Giglio, regi\u00e3o da Toscana, na It\u00e1lia. De acordo [&hellip;]<\/p>\n","protected":false},"author":2,"featured_media":0,"comment_status":"open","ping_status":"open","sticky":false,"template":"","format":"standard","meta":{"footnotes":"","_links_to":"","_links_to_target":""},"categories":[1],"tags":[],"class_list":["post-12125","post","type-post","status-publish","format-standard","hentry","category-geral"],"views":2581,"_links":{"self":[{"href":"https:\/\/www.sudoestehoje.com.br\/novoportal\/wp-json\/wp\/v2\/posts\/12125","targetHints":{"allow":["GET"]}}],"collection":[{"href":"https:\/\/www.sudoestehoje.com.br\/novoportal\/wp-json\/wp\/v2\/posts"}],"about":[{"href":"https:\/\/www.sudoestehoje.com.br\/novoportal\/wp-json\/wp\/v2\/types\/post"}],"author":[{"embeddable":true,"href":"https:\/\/www.sudoestehoje.com.br\/novoportal\/wp-json\/wp\/v2\/users\/2"}],"replies":[{"embeddable":true,"href":"https:\/\/www.sudoestehoje.com.br\/novoportal\/wp-json\/wp\/v2\/comments?post=12125"}],"version-history":[{"count":3,"href":"https:\/\/www.sudoestehoje.com.br\/novoportal\/wp-json\/wp\/v2\/posts\/12125\/revisions"}],"predecessor-version":[{"id":12127,"href":"https:\/\/www.sudoestehoje.com.br\/novoportal\/wp-json\/wp\/v2\/posts\/12125\/revisions\/12127"}],"wp:attachment":[{"href":"https:\/\/www.sudoestehoje.com.br\/novoportal\/wp-json\/wp\/v2\/media?parent=12125"}],"wp:term":[{"taxonomy":"category","embeddable":true,"href":"https:\/\/www.sudoestehoje.com.br\/novoportal\/wp-json\/wp\/v2\/categories?post=12125"},{"taxonomy":"post_tag","embeddable":true,"href":"https:\/\/www.sudoestehoje.com.br\/novoportal\/wp-json\/wp\/v2\/tags?post=12125"}],"curies":[{"name":"wp","href":"https:\/\/api.w.org\/{rel}","templated":true}]}}