
{"id":121235,"date":"2025-03-25T09:07:36","date_gmt":"2025-03-25T12:07:36","guid":{"rendered":"https:\/\/www.sudoestehoje.com.br\/novoportal\/?p=121235"},"modified":"2025-03-25T09:07:36","modified_gmt":"2025-03-25T12:07:36","slug":"perdeu-mane-ministro-fux-pede-vista-e-adia-julgamento-de-cabeleireira-que-pixou-estatua-do-stf-com-baton","status":"publish","type":"post","link":"https:\/\/www.sudoestehoje.com.br\/novoportal\/2025\/03\/25\/perdeu-mane-ministro-fux-pede-vista-e-adia-julgamento-de-cabeleireira-que-pixou-estatua-do-stf-com-baton\/","title":{"rendered":"&#8220;PERDEU MAN\u00c9&#8221; | MINISTRO FUX PEDE VISTA E ADIA JULGAMENTO DE CABELEIREIRA QUE PIXOU EST\u00c1TUA DO STF COM BATON"},"content":{"rendered":"<p><img loading=\"lazy\" decoding=\"async\" class=\"alignnone  wp-image-121239\" src=\"https:\/\/www.sudoestehoje.com.br\/novoportal\/wp-content\/uploads\/2025\/03\/o-julgamento-da-cabeleireira-debora-rodrigues-800x400-1.jpg\" alt=\"\" width=\"560\" height=\"280\" \/><\/p>\n<p><strong>O ministro Luiz Fux, do Supremo Tribunal Federal (STF), solicitou vista e suspendeu o julgamento de D\u00e9bora Rodrigues dos Santos, cabeleireira acusada de pichar a frase \u201cPerdeu, man\u00e9\u201d na est\u00e1tua da Justi\u00e7a, localizada em frente ao pr\u00e9dio da Corte, durante os atos golpistas de 8 de janeiro de 2023.<\/strong><\/p>\n<p><strong>Ainda n\u00e3o h\u00e1 previs\u00e3o para a retomada da vota\u00e7\u00e3o. Conforme o regimento interno do STF, o ministro que pede vista deve devolver o processo para julgamento em at\u00e9 90 dias, caso contr\u00e1rio, o caso \u00e9 automaticamente liberado para ser reinclu\u00eddo na pauta.<\/strong><\/p>\n<p><strong>At\u00e9 o momento, dois ministros se manifestaram a favor da condena\u00e7\u00e3o: Alexandre de Moraes, relator do caso, e Fl\u00e1vio Dino, ambos sugerindo uma pena de 14 anos de pris\u00e3o em regime fechado. D\u00e9bora est\u00e1 detida na Penitenci\u00e1ria Feminina de Rio Claro (SP) desde mar\u00e7o de 2023. Com informa\u00e7\u00f5es do\u00a0<em>Estad\u00e3o.<\/em><\/strong><\/p>\n","protected":false},"excerpt":{"rendered":"<p>O ministro Luiz Fux, do Supremo Tribunal Federal (STF), solicitou vista e suspendeu o julgamento de D\u00e9bora Rodrigues dos Santos, cabeleireira acusada de pichar a frase \u201cPerdeu, man\u00e9\u201d na est\u00e1tua da Justi\u00e7a, localizada em frente ao pr\u00e9dio da Corte, durante os atos golpistas de 8 de janeiro de 2023. Ainda n\u00e3o h\u00e1 previs\u00e3o para a [&hellip;]<\/p>\n","protected":false},"author":2,"featured_media":121239,"comment_status":"closed","ping_status":"open","sticky":false,"template":"","format":"standard","meta":{"footnotes":"","_links_to":"","_links_to_target":""},"categories":[1],"tags":[],"class_list":["post-121235","post","type-post","status-publish","format-standard","has-post-thumbnail","hentry","category-geral"],"views":634,"_links":{"self":[{"href":"https:\/\/www.sudoestehoje.com.br\/novoportal\/wp-json\/wp\/v2\/posts\/121235","targetHints":{"allow":["GET"]}}],"collection":[{"href":"https:\/\/www.sudoestehoje.com.br\/novoportal\/wp-json\/wp\/v2\/posts"}],"about":[{"href":"https:\/\/www.sudoestehoje.com.br\/novoportal\/wp-json\/wp\/v2\/types\/post"}],"author":[{"embeddable":true,"href":"https:\/\/www.sudoestehoje.com.br\/novoportal\/wp-json\/wp\/v2\/users\/2"}],"replies":[{"embeddable":true,"href":"https:\/\/www.sudoestehoje.com.br\/novoportal\/wp-json\/wp\/v2\/comments?post=121235"}],"version-history":[{"count":4,"href":"https:\/\/www.sudoestehoje.com.br\/novoportal\/wp-json\/wp\/v2\/posts\/121235\/revisions"}],"predecessor-version":[{"id":121240,"href":"https:\/\/www.sudoestehoje.com.br\/novoportal\/wp-json\/wp\/v2\/posts\/121235\/revisions\/121240"}],"wp:featuredmedia":[{"embeddable":true,"href":"https:\/\/www.sudoestehoje.com.br\/novoportal\/wp-json\/wp\/v2\/media\/121239"}],"wp:attachment":[{"href":"https:\/\/www.sudoestehoje.com.br\/novoportal\/wp-json\/wp\/v2\/media?parent=121235"}],"wp:term":[{"taxonomy":"category","embeddable":true,"href":"https:\/\/www.sudoestehoje.com.br\/novoportal\/wp-json\/wp\/v2\/categories?post=121235"},{"taxonomy":"post_tag","embeddable":true,"href":"https:\/\/www.sudoestehoje.com.br\/novoportal\/wp-json\/wp\/v2\/tags?post=121235"}],"curies":[{"name":"wp","href":"https:\/\/api.w.org\/{rel}","templated":true}]}}