
{"id":121188,"date":"2025-03-24T08:54:49","date_gmt":"2025-03-24T11:54:49","guid":{"rendered":"https:\/\/www.sudoestehoje.com.br\/novoportal\/?p=121188"},"modified":"2025-03-24T08:54:49","modified_gmt":"2025-03-24T11:54:49","slug":"parana-pesquisas-acm-neto-lidera-em-todos-os-cenarios-a-corrida-pelo-governo-da-bahia-em-2026","status":"publish","type":"post","link":"https:\/\/www.sudoestehoje.com.br\/novoportal\/2025\/03\/24\/parana-pesquisas-acm-neto-lidera-em-todos-os-cenarios-a-corrida-pelo-governo-da-bahia-em-2026\/","title":{"rendered":"PARAN\u00c1 PESQUISAS | ACM NETO LIDERA EM TODOS OS CEN\u00c1RIOS A CORRIDA PELO GOVERNO DA BAHIA EM 2026"},"content":{"rendered":"<p><img loading=\"lazy\" decoding=\"async\" class=\"alignnone  wp-image-121190\" src=\"https:\/\/www.sudoestehoje.com.br\/novoportal\/wp-content\/uploads\/2025\/03\/image_processing20220805-4411-1bmbafo.jpeg\" alt=\"\" width=\"559\" height=\"420\" \/><\/p>\n<p><strong>ACM Neto, vice-presidente nacional do Uni\u00e3o Brasil, tem 17,5% das inten\u00e7\u00f5es de voto para governador da Bahia. \u00c9 o que afirma a pesquisa feita pelo Instituto Paran\u00e1 Pesquisas e divulgada nesta segunda-feira (24).<\/strong><\/p>\n<p><strong>Em um cen\u00e1rio espont\u00e2neo, onde os eleitores foram questionados em quem votariam &#8220;se as elei\u00e7\u00f5es para Governador do Estado da Bahia fossem hoje&#8221;, ACM Neto (Uni\u00e3o) lidera a pesquisa com 17,5% das inten\u00e7\u00f5es de votos. Enquanto Jer\u00f4nimo acumulou apenas 9,1%, Rui Costa teve 1,5%, Bruno Reis 0,7%, Jo\u00e3o Roma 0,4% e Kl\u00e9ber Rosa 0,1%. 64,7% n\u00e3o sabe ou decidiu n\u00e3o opinar.<\/strong><\/p>\n<p><strong><img loading=\"lazy\" decoding=\"async\" class=\"\" src=\"https:\/\/cdn.bahianoticias.com.br\/fotos\/principal_noticias\/303068\/mg\/Screenshot%202025-03-24%2008.12.08.png\" alt=\"\" width=\"560\" height=\"347\" \/><\/strong><\/p>\n<p><strong>J\u00e1 em uma situa\u00e7\u00e3o estimulada, onde os nomes dos candidatos foram apresentados para os eleitores, ACM Neto chega a 52% das inten\u00e7\u00f5es de\u00a0voto. Em segundo lugar figura\u00a0Jer\u00f4nimo Rodrigues com 27,4%, seguido por Jo\u00e3o Roma com 8,1% e Kl\u00e9ber Rosa com 1,5%. 4,1% n\u00e3o sabe ou decidiu n\u00e3o opinar.<\/strong><\/p>\n<p><strong><img loading=\"lazy\" decoding=\"async\" class=\"\" src=\"https:\/\/cdn.bahianoticias.com.br\/fotos\/principal_noticias\/303068\/mg\/Screenshot%202025-03-24%2008.12.22.png\" alt=\"\" width=\"562\" height=\"348\" \/><\/strong><\/p>\n<p><strong>Em um segundo cen\u00e1rio estimulado, ACM Neto permanece na lideran\u00e7a com 56,4% das inten\u00e7\u00f5es, seguido por Jer\u00f4nimo com 30% e por Kleber Rosa com 1,7%. 4,3% n\u00e3o sabe ou decidiu n\u00e3o opinar.<\/strong><\/p>\n<p><strong><img loading=\"lazy\" decoding=\"async\" class=\"\" src=\"https:\/\/cdn.bahianoticias.com.br\/fotos\/principal_noticias\/303068\/mg\/Screenshot%202025-03-24%2008.12.32.png\" alt=\"\" width=\"560\" height=\"347\" \/><\/strong><\/p>\n<p><strong>Em uma situa\u00e7\u00e3o onde ACM disputasse contra Rui Costa (PT), o candidato do Uni\u00e3o Brasil lidera com 51,5% dos votos, enquanto o petista tem 27,4%. Em seguida, ficou Jo\u00e3o Roma com 7,7% e Kl\u00e9ber Rosa com 1,4%. 4,9% n\u00e3o sabe ou decidiu n\u00e3o opinar.<\/strong><\/p>\n<p><strong><img loading=\"lazy\" decoding=\"async\" class=\"\" src=\"https:\/\/cdn.bahianoticias.com.br\/fotos\/principal_noticias\/303068\/mg\/Screenshot%202025-03-24%2008.12.39.png\" alt=\"\" width=\"560\" height=\"347\" \/><\/strong><\/p>\n<p><strong>O levantamento ouviu 1640 eleitores entre os dias 17 e 20 de mar\u00e7o de 2025 e possui intervalo de confian\u00e7a de 95%, com margem de erro de 2,5%. \/\/Bahia Not\u00edcias<\/strong><\/p>\n","protected":false},"excerpt":{"rendered":"<p>ACM Neto, vice-presidente nacional do Uni\u00e3o Brasil, tem 17,5% das inten\u00e7\u00f5es de voto para governador da Bahia. \u00c9 o que afirma a pesquisa feita pelo Instituto Paran\u00e1 Pesquisas e divulgada nesta segunda-feira (24). Em um cen\u00e1rio espont\u00e2neo, onde os eleitores foram questionados em quem votariam &#8220;se as elei\u00e7\u00f5es para Governador do Estado da Bahia fossem [&hellip;]<\/p>\n","protected":false},"author":2,"featured_media":121190,"comment_status":"closed","ping_status":"open","sticky":false,"template":"","format":"standard","meta":{"footnotes":"","_links_to":"","_links_to_target":""},"categories":[1],"tags":[],"class_list":["post-121188","post","type-post","status-publish","format-standard","has-post-thumbnail","hentry","category-geral"],"views":924,"_links":{"self":[{"href":"https:\/\/www.sudoestehoje.com.br\/novoportal\/wp-json\/wp\/v2\/posts\/121188","targetHints":{"allow":["GET"]}}],"collection":[{"href":"https:\/\/www.sudoestehoje.com.br\/novoportal\/wp-json\/wp\/v2\/posts"}],"about":[{"href":"https:\/\/www.sudoestehoje.com.br\/novoportal\/wp-json\/wp\/v2\/types\/post"}],"author":[{"embeddable":true,"href":"https:\/\/www.sudoestehoje.com.br\/novoportal\/wp-json\/wp\/v2\/users\/2"}],"replies":[{"embeddable":true,"href":"https:\/\/www.sudoestehoje.com.br\/novoportal\/wp-json\/wp\/v2\/comments?post=121188"}],"version-history":[{"count":2,"href":"https:\/\/www.sudoestehoje.com.br\/novoportal\/wp-json\/wp\/v2\/posts\/121188\/revisions"}],"predecessor-version":[{"id":121191,"href":"https:\/\/www.sudoestehoje.com.br\/novoportal\/wp-json\/wp\/v2\/posts\/121188\/revisions\/121191"}],"wp:featuredmedia":[{"embeddable":true,"href":"https:\/\/www.sudoestehoje.com.br\/novoportal\/wp-json\/wp\/v2\/media\/121190"}],"wp:attachment":[{"href":"https:\/\/www.sudoestehoje.com.br\/novoportal\/wp-json\/wp\/v2\/media?parent=121188"}],"wp:term":[{"taxonomy":"category","embeddable":true,"href":"https:\/\/www.sudoestehoje.com.br\/novoportal\/wp-json\/wp\/v2\/categories?post=121188"},{"taxonomy":"post_tag","embeddable":true,"href":"https:\/\/www.sudoestehoje.com.br\/novoportal\/wp-json\/wp\/v2\/tags?post=121188"}],"curies":[{"name":"wp","href":"https:\/\/api.w.org\/{rel}","templated":true}]}}