
{"id":121180,"date":"2025-03-22T17:54:58","date_gmt":"2025-03-22T20:54:58","guid":{"rendered":"https:\/\/www.sudoestehoje.com.br\/novoportal\/?p=121180"},"modified":"2025-03-22T21:34:06","modified_gmt":"2025-03-23T00:34:06","slug":"foi-mal-atitude-precipitada-de-vereadores-da-base-cria-constrangimento-e-deixa-o-prefeito-eduardo-hagge-ressentido","status":"publish","type":"post","link":"https:\/\/www.sudoestehoje.com.br\/novoportal\/2025\/03\/22\/foi-mal-atitude-precipitada-de-vereadores-da-base-cria-constrangimento-e-deixa-o-prefeito-eduardo-hagge-ressentido\/","title":{"rendered":"FOI MAL | ATITUDE PRECIPITADA DE VEREADORES DA BASE CRIA CONSTRANGIMENTO E DEIXA O PREFEITO EDUARDO HAGGE RESSENTIDO"},"content":{"rendered":"<p><img loading=\"lazy\" decoding=\"async\" class=\"alignnone wp-image-121182\" src=\"https:\/\/www.sudoestehoje.com.br\/novoportal\/wp-content\/uploads\/2025\/03\/download-1-1.jpg\" alt=\"\" width=\"559\" height=\"313\"><\/p>\n<p><strong>OPINI\u00c3O DO EDITOR<\/strong><\/p>\n<p><strong>A sa\u00edda do plen\u00e1rio e aus\u00eancia injustificada da c\u00e2mara, de vereadores do MDB, no momento da vota\u00e7\u00e3o do projeto de lei que modificou o nome do bairro Quintas do Sul, para &#8216;bairro &#8216;Zito Gomes&#8217;, pegou mal e causou enorme constrangimento pol\u00edtico no grupo do prefeito Eduardo Hagge (MDB), que ainda n\u00e3o entendeu a motiva\u00e7\u00e3o dos edis da sua pr\u00f3pria bancada e partido, se posicionando contr\u00e1rios \u00e0 justa homenagem ao seu falecido sogro. <\/strong><\/p>\n<p><strong>A  altera\u00e7\u00e3o de nomes de ruas, pra\u00e7as, bairros e at\u00e9 da cidade, \u00e9 procedimento normal e est\u00e1 previsto na Lei Org\u00e2nica do Munic\u00edpio, desde que haja uma justificativa plaus\u00edvel e que o homenageado seja mereedor. Pelo que se sabe, o saudoso Zito Gomes era pessoa ilustre com servi\u00e7os relevantes prestados \u00e0 Itapetinga e toda a regi\u00e3o, inclusive na dire\u00e7\u00e3o do Sindicato Rural de Itapetinga, realizando com sucesso exposi\u00e7\u00f5es agropecu\u00e1rias na cidade, dentre outros<\/strong>.<\/p>\n<p><strong>Desta forma, a atitude dos vereadores Tarug\u00e3o e Tel\u00ea de se retirarem do plen\u00e1rio ao lado da oposi\u00e7\u00e3o, e da aus\u00eancia premeditada do vereador Valquir\u00e3o, que j\u00e1 havia atrasado o processo com pedido de vistas, soou para toda a sociedade como uma esp\u00e9cie de <\/strong><strong><em>retalia\u00e7\u00e3o<\/em><\/strong><strong> contra o prefeito e sua fam\u00edlia, por n\u00e3o terem alcan\u00e7ado o resultado desejado na elei\u00e7\u00e3o interna para a Mesa Diretora do Legislativo municipal, ocorrida em janeiro.<\/strong><\/p>\n<p><strong>Em conversa com o editor do Sudoeste Hoje, na manh\u00e3 deste s\u00e1bado (22), o prefeito EDUARDO Hagge disse que ficou muito ressentido com a atitude de parte dos vereadores da sua bancada, at\u00e9 porque o epis\u00f3dio da elei\u00e7\u00e3o da c\u00e2mara \u00e9 fato passado que j\u00e1 foi superado em conversa com os pr\u00f3prios vereadores, semanas atr\u00e1s.<\/strong><\/p>\n<p><strong>Eduardo reiterou o seu desejo de liderar o grupo &#8216;gabiraba&#8217;, criado por seu pai Michel Hagge, sem divis\u00f5es, preservando quem sempre o apoiou, sem discriminar quem quer que seja, mas sempre aberto a novas conquistas e apoios pol\u00edticos.<\/strong><\/p>\n<p><strong>A disputa interna na c\u00e2mara teve sua import\u00e2ncia em determinado momento, mas n\u00e3o deve mais se estender nem criar embara\u00e7os dessa ordem \u00e0 gest\u00e3o que hora se inicia. <\/strong><\/p>\n<p><strong>Vamos criar ju\u00edzo?<\/strong><\/p>\n<p><strong>Por Davi Ferraz  <\/strong><\/p>\n","protected":false},"excerpt":{"rendered":"<p>OPINI\u00c3O DO EDITOR A sa\u00edda do plen\u00e1rio e aus\u00eancia injustificada da c\u00e2mara, de vereadores do MDB, no momento da vota\u00e7\u00e3o do projeto de lei que modificou o nome do bairro Quintas do Sul, para &#8216;bairro &#8216;Zito Gomes&#8217;, pegou mal e causou enorme constrangimento pol\u00edtico no grupo do prefeito Eduardo Hagge (MDB), que ainda n\u00e3o entendeu [&hellip;]<\/p>\n","protected":false},"author":2,"featured_media":121182,"comment_status":"closed","ping_status":"open","sticky":false,"template":"","format":"standard","meta":{"footnotes":"","_links_to":"","_links_to_target":""},"categories":[1],"tags":[],"class_list":["post-121180","post","type-post","status-publish","format-standard","has-post-thumbnail","hentry","category-geral"],"views":1658,"_links":{"self":[{"href":"https:\/\/www.sudoestehoje.com.br\/novoportal\/wp-json\/wp\/v2\/posts\/121180","targetHints":{"allow":["GET"]}}],"collection":[{"href":"https:\/\/www.sudoestehoje.com.br\/novoportal\/wp-json\/wp\/v2\/posts"}],"about":[{"href":"https:\/\/www.sudoestehoje.com.br\/novoportal\/wp-json\/wp\/v2\/types\/post"}],"author":[{"embeddable":true,"href":"https:\/\/www.sudoestehoje.com.br\/novoportal\/wp-json\/wp\/v2\/users\/2"}],"replies":[{"embeddable":true,"href":"https:\/\/www.sudoestehoje.com.br\/novoportal\/wp-json\/wp\/v2\/comments?post=121180"}],"version-history":[{"count":6,"href":"https:\/\/www.sudoestehoje.com.br\/novoportal\/wp-json\/wp\/v2\/posts\/121180\/revisions"}],"predecessor-version":[{"id":121187,"href":"https:\/\/www.sudoestehoje.com.br\/novoportal\/wp-json\/wp\/v2\/posts\/121180\/revisions\/121187"}],"wp:featuredmedia":[{"embeddable":true,"href":"https:\/\/www.sudoestehoje.com.br\/novoportal\/wp-json\/wp\/v2\/media\/121182"}],"wp:attachment":[{"href":"https:\/\/www.sudoestehoje.com.br\/novoportal\/wp-json\/wp\/v2\/media?parent=121180"}],"wp:term":[{"taxonomy":"category","embeddable":true,"href":"https:\/\/www.sudoestehoje.com.br\/novoportal\/wp-json\/wp\/v2\/categories?post=121180"},{"taxonomy":"post_tag","embeddable":true,"href":"https:\/\/www.sudoestehoje.com.br\/novoportal\/wp-json\/wp\/v2\/tags?post=121180"}],"curies":[{"name":"wp","href":"https:\/\/api.w.org\/{rel}","templated":true}]}}