
{"id":121166,"date":"2025-03-21T09:39:09","date_gmt":"2025-03-21T12:39:09","guid":{"rendered":"https:\/\/www.sudoestehoje.com.br\/novoportal\/?p=121166"},"modified":"2025-03-21T09:39:09","modified_gmt":"2025-03-21T12:39:09","slug":"eliminatorias-brasil-vence-a-colombia-com-gol-de-vinicius-jr-nos-acrescimos","status":"publish","type":"post","link":"https:\/\/www.sudoestehoje.com.br\/novoportal\/2025\/03\/21\/eliminatorias-brasil-vence-a-colombia-com-gol-de-vinicius-jr-nos-acrescimos\/","title":{"rendered":"ELIMINAT\u00d3RIAS | BRASIL VENCE A COL\u00d4MBIA COM GOL DE VIN\u00cdCIUS JR NOS ACR\u00c9SCIMOS"},"content":{"rendered":"<p><img loading=\"lazy\" decoding=\"async\" class=\"alignnone  wp-image-121167\" src=\"https:\/\/www.sudoestehoje.com.br\/novoportal\/wp-content\/uploads\/2025\/03\/WhatsApp-Image-2025-03-21-at-06.29.26.jpeg\" alt=\"\" width=\"561\" height=\"374\" \/><\/p>\n<p><strong>A Sele\u00e7\u00e3o Brasileira venceu a Col\u00f4mbia por 2 a 1 na noite desta quinta-feira (20), na Arena BRB Man\u00e9 Garrincha, em Bras\u00edlia, em partida v\u00e1lida pela 13\u00aa rodada das Eliminat\u00f3rias da Copa do Mundo de 2026. O gol decisivo foi marcado por Vinicius J\u00fanior aos 53 minutos do segundo tempo, garantindo um triunfo que evitou uma crise na equipe.<\/strong><\/p>\n<p><strong>Com a vit\u00f3ria, o Brasil assume provisoriamente a segunda posi\u00e7\u00e3o da tabela. Antes do gol salvador, a equipe de Dorival J\u00fanior ocupava a sexta coloca\u00e7\u00e3o, superada pelo Paraguai.<\/strong><\/p>\n<p><strong>Segundo a CNN, o Brasil abriu o placar logo aos seis minutos com Raphinha. O atacante do Barcelona converteu um p\u00eanalti sofrido por Vinicius J\u00fanior ap\u00f3s falta de Mu\u00f1oz. A Col\u00f4mbia empatou ainda no primeiro tempo, aos 41 minutos, com Luis D\u00edaz, que finalizou rasteiro ap\u00f3s assist\u00eancia de James Rodr\u00edguez.<\/strong><\/p>\n<p><strong>O gol da vit\u00f3ria veio j\u00e1 nos acr\u00e9scimos. Vinicius J\u00fanior recebeu na ponta esquerda, driblou a marca\u00e7\u00e3o e arriscou um chute de fora da \u00e1rea. A bola desviou na cabe\u00e7a de Lerma e enganou o goleiro colombiano.<\/strong><\/p>\n","protected":false},"excerpt":{"rendered":"<p>A Sele\u00e7\u00e3o Brasileira venceu a Col\u00f4mbia por 2 a 1 na noite desta quinta-feira (20), na Arena BRB Man\u00e9 Garrincha, em Bras\u00edlia, em partida v\u00e1lida pela 13\u00aa rodada das Eliminat\u00f3rias da Copa do Mundo de 2026. O gol decisivo foi marcado por Vinicius J\u00fanior aos 53 minutos do segundo tempo, garantindo um triunfo que evitou [&hellip;]<\/p>\n","protected":false},"author":2,"featured_media":121167,"comment_status":"closed","ping_status":"open","sticky":false,"template":"","format":"standard","meta":{"footnotes":"","_links_to":"","_links_to_target":""},"categories":[1],"tags":[],"class_list":["post-121166","post","type-post","status-publish","format-standard","has-post-thumbnail","hentry","category-geral"],"views":450,"_links":{"self":[{"href":"https:\/\/www.sudoestehoje.com.br\/novoportal\/wp-json\/wp\/v2\/posts\/121166","targetHints":{"allow":["GET"]}}],"collection":[{"href":"https:\/\/www.sudoestehoje.com.br\/novoportal\/wp-json\/wp\/v2\/posts"}],"about":[{"href":"https:\/\/www.sudoestehoje.com.br\/novoportal\/wp-json\/wp\/v2\/types\/post"}],"author":[{"embeddable":true,"href":"https:\/\/www.sudoestehoje.com.br\/novoportal\/wp-json\/wp\/v2\/users\/2"}],"replies":[{"embeddable":true,"href":"https:\/\/www.sudoestehoje.com.br\/novoportal\/wp-json\/wp\/v2\/comments?post=121166"}],"version-history":[{"count":3,"href":"https:\/\/www.sudoestehoje.com.br\/novoportal\/wp-json\/wp\/v2\/posts\/121166\/revisions"}],"predecessor-version":[{"id":121170,"href":"https:\/\/www.sudoestehoje.com.br\/novoportal\/wp-json\/wp\/v2\/posts\/121166\/revisions\/121170"}],"wp:featuredmedia":[{"embeddable":true,"href":"https:\/\/www.sudoestehoje.com.br\/novoportal\/wp-json\/wp\/v2\/media\/121167"}],"wp:attachment":[{"href":"https:\/\/www.sudoestehoje.com.br\/novoportal\/wp-json\/wp\/v2\/media?parent=121166"}],"wp:term":[{"taxonomy":"category","embeddable":true,"href":"https:\/\/www.sudoestehoje.com.br\/novoportal\/wp-json\/wp\/v2\/categories?post=121166"},{"taxonomy":"post_tag","embeddable":true,"href":"https:\/\/www.sudoestehoje.com.br\/novoportal\/wp-json\/wp\/v2\/tags?post=121166"}],"curies":[{"name":"wp","href":"https:\/\/api.w.org\/{rel}","templated":true}]}}