
{"id":121157,"date":"2025-03-20T10:32:02","date_gmt":"2025-03-20T13:32:02","guid":{"rendered":"https:\/\/www.sudoestehoje.com.br\/novoportal\/?p=121157"},"modified":"2025-03-20T10:36:48","modified_gmt":"2025-03-20T13:36:48","slug":"coordenador-da-campanha-de-cida-moura-e-nomeado-assessor-juridico-da-camara-de-vereadores-de-itapetinga-2","status":"publish","type":"post","link":"https:\/\/www.sudoestehoje.com.br\/novoportal\/2025\/03\/20\/coordenador-da-campanha-de-cida-moura-e-nomeado-assessor-juridico-da-camara-de-vereadores-de-itapetinga-2\/","title":{"rendered":"COORDENADOR DA CAMPANHA DE CIDA MOURA \u00c9 NOMEADO ASSESSOR JUR\u00cdDICO DA C\u00c2MARA DE VEREADORES DE ITAPETINGA"},"content":{"rendered":"<p><img loading=\"lazy\" decoding=\"async\" class=\"alignnone wp-image-121152\" src=\"https:\/\/www.sudoestehoje.com.br\/novoportal\/wp-content\/uploads\/2025\/03\/Imagem-do-WhatsApp-de-2025-03-20-as-09.54.03_179d9c28.jpg\" alt=\"\" width=\"561\" height=\"459\" \/><\/p>\n<p><strong>O Di\u00e1rio Oficial da C\u00e2mara de Vereadores de Itapetinga publicou, nesta segunda (17), a nomea\u00e7\u00e3o do Bel. Jo\u00e3o Pedro Coelho Silva, para o cargo de Assessor Jur\u00eddico do Legislativo Municipal, cargo de livre indica\u00e7\u00e3o do presidente da Casa, vereador Luciano Almeida.<\/strong><\/p>\n<p><strong>Ressalvada a compet\u00eancia do advogado nomeado, o decreto surpreendeu o mundo pol\u00edtico local, dada a liga\u00e7\u00e3o do Dr. Pedro Coelho \u00e0 ex-candidata a prefeita Cida Moura, principal lideran\u00e7a de oposi\u00e7\u00e3o ao prefeito Eduardo Hagge (MDB) e ao pr\u00f3prio Luciano Almeida (MDB).<\/strong><\/p>\n<p><strong>O advogado atuou ativamente como um dos coordenadores da campanha de oposi\u00e7\u00e3o, movendo diversas a\u00e7\u00f5es contra a candidatura de Eduardo Hagge.<\/strong><\/p>\n<p><strong>ACORDO SAIU CARO&#8230;<\/strong><\/p>\n<p><strong>Por Davi Ferraz<\/strong><\/p>\n<p><img loading=\"lazy\" decoding=\"async\" class=\"alignnone wp-image-121154\" src=\"https:\/\/www.sudoestehoje.com.br\/novoportal\/wp-content\/uploads\/2025\/03\/Imagem-do-WhatsApp-de-2025-03-20-as-09.25.08_08582e69.jpg\" alt=\"\" width=\"560\" height=\"850\" \/><\/p>\n","protected":false},"excerpt":{"rendered":"<p>O Di\u00e1rio Oficial da C\u00e2mara de Vereadores de Itapetinga publicou, nesta segunda (17), a nomea\u00e7\u00e3o do Bel. Jo\u00e3o Pedro Coelho Silva, para o cargo de Assessor Jur\u00eddico do Legislativo Municipal, cargo de livre indica\u00e7\u00e3o do presidente da Casa, vereador Luciano Almeida. Ressalvada a compet\u00eancia do advogado nomeado, o decreto surpreendeu o mundo pol\u00edtico local, dada [&hellip;]<\/p>\n","protected":false},"author":2,"featured_media":121152,"comment_status":"closed","ping_status":"open","sticky":false,"template":"","format":"standard","meta":{"footnotes":"","_links_to":"","_links_to_target":""},"categories":[1],"tags":[],"class_list":["post-121157","post","type-post","status-publish","format-standard","has-post-thumbnail","hentry","category-geral"],"views":2541,"_links":{"self":[{"href":"https:\/\/www.sudoestehoje.com.br\/novoportal\/wp-json\/wp\/v2\/posts\/121157","targetHints":{"allow":["GET"]}}],"collection":[{"href":"https:\/\/www.sudoestehoje.com.br\/novoportal\/wp-json\/wp\/v2\/posts"}],"about":[{"href":"https:\/\/www.sudoestehoje.com.br\/novoportal\/wp-json\/wp\/v2\/types\/post"}],"author":[{"embeddable":true,"href":"https:\/\/www.sudoestehoje.com.br\/novoportal\/wp-json\/wp\/v2\/users\/2"}],"replies":[{"embeddable":true,"href":"https:\/\/www.sudoestehoje.com.br\/novoportal\/wp-json\/wp\/v2\/comments?post=121157"}],"version-history":[{"count":2,"href":"https:\/\/www.sudoestehoje.com.br\/novoportal\/wp-json\/wp\/v2\/posts\/121157\/revisions"}],"predecessor-version":[{"id":121159,"href":"https:\/\/www.sudoestehoje.com.br\/novoportal\/wp-json\/wp\/v2\/posts\/121157\/revisions\/121159"}],"wp:featuredmedia":[{"embeddable":true,"href":"https:\/\/www.sudoestehoje.com.br\/novoportal\/wp-json\/wp\/v2\/media\/121152"}],"wp:attachment":[{"href":"https:\/\/www.sudoestehoje.com.br\/novoportal\/wp-json\/wp\/v2\/media?parent=121157"}],"wp:term":[{"taxonomy":"category","embeddable":true,"href":"https:\/\/www.sudoestehoje.com.br\/novoportal\/wp-json\/wp\/v2\/categories?post=121157"},{"taxonomy":"post_tag","embeddable":true,"href":"https:\/\/www.sudoestehoje.com.br\/novoportal\/wp-json\/wp\/v2\/tags?post=121157"}],"curies":[{"name":"wp","href":"https:\/\/api.w.org\/{rel}","templated":true}]}}