
{"id":121137,"date":"2025-03-18T16:41:22","date_gmt":"2025-03-18T19:41:22","guid":{"rendered":"https:\/\/www.sudoestehoje.com.br\/novoportal\/?p=121137"},"modified":"2025-03-18T16:51:39","modified_gmt":"2025-03-18T19:51:39","slug":"camara-de-itapetinga-aprova-projeto-de-lei-que-concede-reajuste-aos-professores-da-rede-municipal","status":"publish","type":"post","link":"https:\/\/www.sudoestehoje.com.br\/novoportal\/2025\/03\/18\/camara-de-itapetinga-aprova-projeto-de-lei-que-concede-reajuste-aos-professores-da-rede-municipal\/","title":{"rendered":"C\u00c2MARA DE ITAPETINGA APROVA PROJETO DE LEI QUE CONCEDE REAJUSTE AOS PROFESSORES DA REDE MUNICIPAL"},"content":{"rendered":"<p><img loading=\"lazy\" decoding=\"async\" class=\" wp-image-121138\" src=\"https:\/\/www.sudoestehoje.com.br\/novoportal\/wp-content\/uploads\/2025\/03\/DSC_0036.jpg\" alt=\"\" width=\"559\" height=\"373\" \/><\/p>\n<p><strong>A C\u00e2mara Municipal de Itapetinga aprovou, em dois turnos de vota\u00e7\u00e3o realizados na data de hoje, o Projeto de Lei n\u00ba 003\/2025, de autoria do Poder Executivo. O projeto prev\u00ea um reajuste salarial de 6,27% para os professores e coordenadores efetivos da Rede P\u00fablica Municipal, com efeitos retroativos a janeiro de 2025.<\/strong><\/p>\n<p><strong>Para garantir a tramita\u00e7\u00e3o c\u00e9lere da mat\u00e9ria, foram realizadas duas sess\u00f5es no mesmo dia, ambas transmitidas ao vivo pelo canal\u00a0<a href=\"https:\/\/www.youtube.com\/tvcamaraitapetinga\">TV C\u00e2mara Itapetinga no YouTube<\/a>. Agora, o projeto segue para san\u00e7\u00e3o do prefeito municipal.<\/strong><\/p>\n<p><strong>Na justificativa do projeto, o prefeito Eduardo Hagge (MDB) destacou que a medida visa valorizar os profissionais da educa\u00e7\u00e3o, reconhecendo sua import\u00e2ncia para o desenvolvimento do ensino p\u00fablico e a forma\u00e7\u00e3o dos cidad\u00e3os. Eduardo Hagge ressaltou que o reajuste foi planejado de forma respons\u00e1vel, dentro das diretrizes or\u00e7ament\u00e1rias do munic\u00edpio, e ser\u00e1 custeado com recursos do FUNDEB. Ele tamb\u00e9m enfatizou que a Secretaria Municipal de Educa\u00e7\u00e3o j\u00e1 realizou a estimativa do impacto financeiro, garantindo transpar\u00eancia e equil\u00edbrio fiscal nas contas p\u00fablicas. Os vencimentos reajustados come\u00e7ar\u00e3o a ser pagos a partir de abril de 2025.<\/strong><\/p>\n<p><strong>Os detalhes do Projeto de Lei n\u00ba 003\/2025 podem ser acessados no\u00a0<a href=\"https:\/\/sapl.itapetinga.ba.leg.br\/\">Sistema de Apoio ao Processo Legislativo (SAPL)<\/a>, dispon\u00edvel na p\u00e1gina oficial da C\u00e2mara Municipal de Itapetinga na internet. \/\/Ascom C\u00e2mara<\/strong><\/p>\n<p><img loading=\"lazy\" decoding=\"async\" class=\"alignnone  wp-image-121142\" src=\"https:\/\/www.sudoestehoje.com.br\/novoportal\/wp-content\/uploads\/2025\/03\/BANNER-1.png\" alt=\"\" width=\"558\" height=\"58\" \/><\/p>\n","protected":false},"excerpt":{"rendered":"<p>A C\u00e2mara Municipal de Itapetinga aprovou, em dois turnos de vota\u00e7\u00e3o realizados na data de hoje, o Projeto de Lei n\u00ba 003\/2025, de autoria do Poder Executivo. O projeto prev\u00ea um reajuste salarial de 6,27% para os professores e coordenadores efetivos da Rede P\u00fablica Municipal, com efeitos retroativos a janeiro de 2025. Para garantir a [&hellip;]<\/p>\n","protected":false},"author":2,"featured_media":121138,"comment_status":"closed","ping_status":"open","sticky":false,"template":"","format":"standard","meta":{"footnotes":"","_links_to":"","_links_to_target":""},"categories":[1],"tags":[],"class_list":["post-121137","post","type-post","status-publish","format-standard","has-post-thumbnail","hentry","category-geral"],"views":1072,"_links":{"self":[{"href":"https:\/\/www.sudoestehoje.com.br\/novoportal\/wp-json\/wp\/v2\/posts\/121137","targetHints":{"allow":["GET"]}}],"collection":[{"href":"https:\/\/www.sudoestehoje.com.br\/novoportal\/wp-json\/wp\/v2\/posts"}],"about":[{"href":"https:\/\/www.sudoestehoje.com.br\/novoportal\/wp-json\/wp\/v2\/types\/post"}],"author":[{"embeddable":true,"href":"https:\/\/www.sudoestehoje.com.br\/novoportal\/wp-json\/wp\/v2\/users\/2"}],"replies":[{"embeddable":true,"href":"https:\/\/www.sudoestehoje.com.br\/novoportal\/wp-json\/wp\/v2\/comments?post=121137"}],"version-history":[{"count":4,"href":"https:\/\/www.sudoestehoje.com.br\/novoportal\/wp-json\/wp\/v2\/posts\/121137\/revisions"}],"predecessor-version":[{"id":121143,"href":"https:\/\/www.sudoestehoje.com.br\/novoportal\/wp-json\/wp\/v2\/posts\/121137\/revisions\/121143"}],"wp:featuredmedia":[{"embeddable":true,"href":"https:\/\/www.sudoestehoje.com.br\/novoportal\/wp-json\/wp\/v2\/media\/121138"}],"wp:attachment":[{"href":"https:\/\/www.sudoestehoje.com.br\/novoportal\/wp-json\/wp\/v2\/media?parent=121137"}],"wp:term":[{"taxonomy":"category","embeddable":true,"href":"https:\/\/www.sudoestehoje.com.br\/novoportal\/wp-json\/wp\/v2\/categories?post=121137"},{"taxonomy":"post_tag","embeddable":true,"href":"https:\/\/www.sudoestehoje.com.br\/novoportal\/wp-json\/wp\/v2\/tags?post=121137"}],"curies":[{"name":"wp","href":"https:\/\/api.w.org\/{rel}","templated":true}]}}