
{"id":121116,"date":"2025-03-18T08:49:54","date_gmt":"2025-03-18T11:49:54","guid":{"rendered":"https:\/\/www.sudoestehoje.com.br\/novoportal\/?p=121116"},"modified":"2025-03-18T08:49:54","modified_gmt":"2025-03-18T11:49:54","slug":"vitoria-da-conquista-confira-datas-do-festival-de-inverno-bahia-2025","status":"publish","type":"post","link":"https:\/\/www.sudoestehoje.com.br\/novoportal\/2025\/03\/18\/vitoria-da-conquista-confira-datas-do-festival-de-inverno-bahia-2025\/","title":{"rendered":"VIT\u00d3RIA DA CONQUISTA | CONFIRA DATAS DO FESTIVAL DE INVERNO BAHIA 2025"},"content":{"rendered":"<p><img loading=\"lazy\" decoding=\"async\" class=\"alignnone  wp-image-121117\" src=\"https:\/\/www.sudoestehoje.com.br\/novoportal\/wp-content\/uploads\/2025\/03\/img_2012-1.jpg\" alt=\"\" width=\"560\" height=\"386\" \/><\/p>\n<p><strong>O Festival de Inverno\u00a0Bahia\u00a0de 2025 j\u00e1 tem data definida: 22, 23 24 de agosto. Assim como nos anos anteriores, o evento vai ser realizado no Parque Teopompo de Almeida, em\u00a0Vit\u00f3ria da Conquista. <\/strong><\/p>\n<p><strong>De acordo com o G1, as informa\u00e7\u00f5es foram divulgadas nesta segunda-feira (17), pela Bahia\u00a0Eventos\u00a0e Salvador Produ\u00e7\u00f5es, que realizam juntas a produ\u00e7\u00e3o do evento. Apesar disso, as atra\u00e7\u00f5es da 19\u00aa edi\u00e7\u00e3o do festival ainda n\u00e3o foram anunciadas. <\/strong><\/p>\n<p><strong>Nesta edi\u00e7\u00e3o, as produtoras prometem trazer um novo olhar para o evento, com grandes atra\u00e7\u00f5es, experi\u00eancias diferenciadas e uma estrutura inovadora.<\/strong><\/p>\n","protected":false},"excerpt":{"rendered":"<p>O Festival de Inverno\u00a0Bahia\u00a0de 2025 j\u00e1 tem data definida: 22, 23 24 de agosto. Assim como nos anos anteriores, o evento vai ser realizado no Parque Teopompo de Almeida, em\u00a0Vit\u00f3ria da Conquista. De acordo com o G1, as informa\u00e7\u00f5es foram divulgadas nesta segunda-feira (17), pela Bahia\u00a0Eventos\u00a0e Salvador Produ\u00e7\u00f5es, que realizam juntas a produ\u00e7\u00e3o do evento. [&hellip;]<\/p>\n","protected":false},"author":2,"featured_media":121117,"comment_status":"closed","ping_status":"open","sticky":false,"template":"","format":"standard","meta":{"footnotes":"","_links_to":"","_links_to_target":""},"categories":[1],"tags":[],"class_list":["post-121116","post","type-post","status-publish","format-standard","has-post-thumbnail","hentry","category-geral"],"views":969,"_links":{"self":[{"href":"https:\/\/www.sudoestehoje.com.br\/novoportal\/wp-json\/wp\/v2\/posts\/121116","targetHints":{"allow":["GET"]}}],"collection":[{"href":"https:\/\/www.sudoestehoje.com.br\/novoportal\/wp-json\/wp\/v2\/posts"}],"about":[{"href":"https:\/\/www.sudoestehoje.com.br\/novoportal\/wp-json\/wp\/v2\/types\/post"}],"author":[{"embeddable":true,"href":"https:\/\/www.sudoestehoje.com.br\/novoportal\/wp-json\/wp\/v2\/users\/2"}],"replies":[{"embeddable":true,"href":"https:\/\/www.sudoestehoje.com.br\/novoportal\/wp-json\/wp\/v2\/comments?post=121116"}],"version-history":[{"count":1,"href":"https:\/\/www.sudoestehoje.com.br\/novoportal\/wp-json\/wp\/v2\/posts\/121116\/revisions"}],"predecessor-version":[{"id":121118,"href":"https:\/\/www.sudoestehoje.com.br\/novoportal\/wp-json\/wp\/v2\/posts\/121116\/revisions\/121118"}],"wp:featuredmedia":[{"embeddable":true,"href":"https:\/\/www.sudoestehoje.com.br\/novoportal\/wp-json\/wp\/v2\/media\/121117"}],"wp:attachment":[{"href":"https:\/\/www.sudoestehoje.com.br\/novoportal\/wp-json\/wp\/v2\/media?parent=121116"}],"wp:term":[{"taxonomy":"category","embeddable":true,"href":"https:\/\/www.sudoestehoje.com.br\/novoportal\/wp-json\/wp\/v2\/categories?post=121116"},{"taxonomy":"post_tag","embeddable":true,"href":"https:\/\/www.sudoestehoje.com.br\/novoportal\/wp-json\/wp\/v2\/tags?post=121116"}],"curies":[{"name":"wp","href":"https:\/\/api.w.org\/{rel}","templated":true}]}}