
{"id":121101,"date":"2025-03-16T10:19:07","date_gmt":"2025-03-16T13:19:07","guid":{"rendered":"https:\/\/www.sudoestehoje.com.br\/novoportal\/?p=121101"},"modified":"2025-03-17T09:16:21","modified_gmt":"2025-03-17T12:16:21","slug":"itapetinga-governo-decide-construir-policlinica-no-campo-do-americo-nogueira","status":"publish","type":"post","link":"https:\/\/www.sudoestehoje.com.br\/novoportal\/2025\/03\/16\/itapetinga-governo-decide-construir-policlinica-no-campo-do-americo-nogueira\/","title":{"rendered":"ITAPETINGA | GOVERNO DECIDE CONSTRUIR POLICL\u00cdNICA NO CAMPO DO AM\u00c9RICO NOGUEIRA"},"content":{"rendered":"<p><img loading=\"lazy\" decoding=\"async\" class=\"alignnone  wp-image-121113\" src=\"https:\/\/www.sudoestehoje.com.br\/novoportal\/wp-content\/uploads\/2025\/03\/Imagem-do-WhatsApp-de-2025-03-17-as-09.14.11_be9575f9.jpg\" alt=\"\" width=\"560\" height=\"292\" \/><\/p>\n<p><strong>Ap\u00f3s idas e vindas, a Conder decidiu construir a Policl\u00ednica Regional de Itapetinga no campo de futebol entre os bairros Am\u00e9rico Nogueira e Quintas do Morumbi, atendendo laudo t\u00e9cnico e solicita\u00e7\u00e3o da pr\u00f3pria comunidade ao governo do estado.<\/strong><\/p>\n<p><strong>A constru\u00e7\u00e3o da Policl\u00ednica j\u00e1 havia come\u00e7ado, mas foi suspensa ap\u00f3s embargo da prefeitura e den\u00fancia do Sudoeste Hoje, dando conta de que o terreno escolhido ao lado do IFBaiano \u00e9 alagadi\u00e7o e sujeito a inunda\u00e7\u00e3o, nas cheias do Rio Catol\u00e9.<\/strong><\/p>\n<p><strong>Mesmo assim, governistas que fazem oposi\u00e7\u00e3o ao prefeito Eduardo Hagge tentaram manter a obra em local pr\u00f3ximo ao rio, por birra meramente pol\u00edtica, mas a ideia logo foi descartada, devido ao declive do local por eles indicado.<\/strong><\/p>\n<p><strong>De acordo com o CONDER, \u00f3rg\u00e3o do governo do estado, a obra ser\u00e1 iniciada imediatamente e ter\u00e1 o prazo de 18 meses para a sua conclus\u00e3o.<\/strong><\/p>\n<p><strong>Por Davi Ferraz<\/strong><\/p>\n","protected":false},"excerpt":{"rendered":"<p>Ap\u00f3s idas e vindas, a Conder decidiu construir a Policl\u00ednica Regional de Itapetinga no campo de futebol entre os bairros Am\u00e9rico Nogueira e Quintas do Morumbi, atendendo laudo t\u00e9cnico e solicita\u00e7\u00e3o da pr\u00f3pria comunidade ao governo do estado. A constru\u00e7\u00e3o da Policl\u00ednica j\u00e1 havia come\u00e7ado, mas foi suspensa ap\u00f3s embargo da prefeitura e den\u00fancia do [&hellip;]<\/p>\n","protected":false},"author":2,"featured_media":121113,"comment_status":"closed","ping_status":"open","sticky":false,"template":"","format":"standard","meta":{"footnotes":"","_links_to":"","_links_to_target":""},"categories":[1],"tags":[],"class_list":["post-121101","post","type-post","status-publish","format-standard","has-post-thumbnail","hentry","category-geral"],"views":2089,"_links":{"self":[{"href":"https:\/\/www.sudoestehoje.com.br\/novoportal\/wp-json\/wp\/v2\/posts\/121101","targetHints":{"allow":["GET"]}}],"collection":[{"href":"https:\/\/www.sudoestehoje.com.br\/novoportal\/wp-json\/wp\/v2\/posts"}],"about":[{"href":"https:\/\/www.sudoestehoje.com.br\/novoportal\/wp-json\/wp\/v2\/types\/post"}],"author":[{"embeddable":true,"href":"https:\/\/www.sudoestehoje.com.br\/novoportal\/wp-json\/wp\/v2\/users\/2"}],"replies":[{"embeddable":true,"href":"https:\/\/www.sudoestehoje.com.br\/novoportal\/wp-json\/wp\/v2\/comments?post=121101"}],"version-history":[{"count":6,"href":"https:\/\/www.sudoestehoje.com.br\/novoportal\/wp-json\/wp\/v2\/posts\/121101\/revisions"}],"predecessor-version":[{"id":121115,"href":"https:\/\/www.sudoestehoje.com.br\/novoportal\/wp-json\/wp\/v2\/posts\/121101\/revisions\/121115"}],"wp:featuredmedia":[{"embeddable":true,"href":"https:\/\/www.sudoestehoje.com.br\/novoportal\/wp-json\/wp\/v2\/media\/121113"}],"wp:attachment":[{"href":"https:\/\/www.sudoestehoje.com.br\/novoportal\/wp-json\/wp\/v2\/media?parent=121101"}],"wp:term":[{"taxonomy":"category","embeddable":true,"href":"https:\/\/www.sudoestehoje.com.br\/novoportal\/wp-json\/wp\/v2\/categories?post=121101"},{"taxonomy":"post_tag","embeddable":true,"href":"https:\/\/www.sudoestehoje.com.br\/novoportal\/wp-json\/wp\/v2\/tags?post=121101"}],"curies":[{"name":"wp","href":"https:\/\/api.w.org\/{rel}","templated":true}]}}