
{"id":1211,"date":"2010-10-13T19:39:16","date_gmt":"2010-10-13T22:39:16","guid":{"rendered":"http:\/\/sudoestehoje.tempsite.ws\/novoportal\/?p=1211"},"modified":"2010-10-13T19:39:16","modified_gmt":"2010-10-13T22:39:16","slug":"itapetinga-barracas-invadem-calcadas-em-frente-a-central-de-abastecimento","status":"publish","type":"post","link":"https:\/\/www.sudoestehoje.com.br\/novoportal\/2010\/10\/13\/itapetinga-barracas-invadem-calcadas-em-frente-a-central-de-abastecimento\/","title":{"rendered":"Itapetinga: Barracas invadem cal\u00e7adas em frente \u00e0 Central de Abastecimento"},"content":{"rendered":"<p style=\"text-align: center;\"><a rel=\"attachment wp-att-1212\" href=\"http:\/\/sudoestehoje.tempsite.ws\/novoportal\/2010\/10\/13\/itapetinga-barracas-invadem-calcadas-em-frente-a-central-de-abastecimento\/100_3634\/\"><img loading=\"lazy\" decoding=\"async\" class=\"size-medium wp-image-1212  aligncenter\" title=\"100_3634\" src=\"http:\/\/sudoestehoje.tempsite.ws\/novoportal\/wp-content\/uploads\/2010\/10\/100_3634-500x375.jpg\" alt=\"\" width=\"500\" height=\"375\" srcset=\"https:\/\/www.sudoestehoje.com.br\/novoportal\/wp-content\/uploads\/2010\/10\/100_3634-500x375.jpg 500w, https:\/\/www.sudoestehoje.com.br\/novoportal\/wp-content\/uploads\/2010\/10\/100_3634-1024x768.jpg 1024w\" sizes=\"auto, (max-width: 500px) 100vw, 500px\" \/><\/a><\/p>\n<p style=\"text-align: center;\"><strong>Mulher com crian\u00e7a de colo\u00a0obrigada a andar pelo meio da rua. Absurdo!<\/strong><\/p>\n<p>\u00a0<\/p>\n<p>ITAPETINGA: A invas\u00e3o dos espa\u00e7os reservados \u00e0 circula\u00e7\u00e3o de pedestres, por ambulantes e barraqueiros, tornou-se uma pr\u00e1tica comum em Itapetinga. Bem em\u00a0frente \u00e0 Central I de Abastecimento, \u00a0as barracas ocupam grande parte da cal\u00e7ada, obrigando os pedestres a transitar pelo meio da rua, correndo o risco de serem atropelados por carros e motos.<\/p>\n<p>\u00c9 compet\u00eancia exclusiva do poder p\u00fablico municipal, regular e ordenar o uso\u00a0dos espa\u00e7os p\u00fablicos por ambulantes, bancas e cong\u00eaneres, de acordo com o C\u00f3digo de Posturas do Munic\u00edpio. Quando o\u00a0poder p\u00fablico \u00e9 <strong>ausente<\/strong> e<strong> omisso<\/strong>, os abusos acabam acontecendo, em detrimento do cidad\u00e3o comum, que paga\u00a0impostos e mant\u00e9m a m\u00e1quina p\u00fablica.\u00a0<\/p>\n<p>Davi Ferraz<\/p>\n","protected":false},"excerpt":{"rendered":"<p>Mulher com crian\u00e7a de colo\u00a0obrigada a andar pelo meio da rua. Absurdo! \u00a0 ITAPETINGA: A invas\u00e3o dos espa\u00e7os reservados \u00e0 circula\u00e7\u00e3o de pedestres, por ambulantes e barraqueiros, tornou-se uma pr\u00e1tica comum em Itapetinga. Bem em\u00a0frente \u00e0 Central I de Abastecimento, \u00a0as barracas ocupam grande parte da cal\u00e7ada, obrigando os pedestres a transitar pelo meio da [&hellip;]<\/p>\n","protected":false},"author":2,"featured_media":0,"comment_status":"open","ping_status":"open","sticky":false,"template":"","format":"standard","meta":{"footnotes":"","_links_to":"","_links_to_target":""},"categories":[1],"tags":[],"class_list":["post-1211","post","type-post","status-publish","format-standard","hentry","category-geral"],"views":2291,"_links":{"self":[{"href":"https:\/\/www.sudoestehoje.com.br\/novoportal\/wp-json\/wp\/v2\/posts\/1211","targetHints":{"allow":["GET"]}}],"collection":[{"href":"https:\/\/www.sudoestehoje.com.br\/novoportal\/wp-json\/wp\/v2\/posts"}],"about":[{"href":"https:\/\/www.sudoestehoje.com.br\/novoportal\/wp-json\/wp\/v2\/types\/post"}],"author":[{"embeddable":true,"href":"https:\/\/www.sudoestehoje.com.br\/novoportal\/wp-json\/wp\/v2\/users\/2"}],"replies":[{"embeddable":true,"href":"https:\/\/www.sudoestehoje.com.br\/novoportal\/wp-json\/wp\/v2\/comments?post=1211"}],"version-history":[{"count":4,"href":"https:\/\/www.sudoestehoje.com.br\/novoportal\/wp-json\/wp\/v2\/posts\/1211\/revisions"}],"predecessor-version":[{"id":1216,"href":"https:\/\/www.sudoestehoje.com.br\/novoportal\/wp-json\/wp\/v2\/posts\/1211\/revisions\/1216"}],"wp:attachment":[{"href":"https:\/\/www.sudoestehoje.com.br\/novoportal\/wp-json\/wp\/v2\/media?parent=1211"}],"wp:term":[{"taxonomy":"category","embeddable":true,"href":"https:\/\/www.sudoestehoje.com.br\/novoportal\/wp-json\/wp\/v2\/categories?post=1211"},{"taxonomy":"post_tag","embeddable":true,"href":"https:\/\/www.sudoestehoje.com.br\/novoportal\/wp-json\/wp\/v2\/tags?post=1211"}],"curies":[{"name":"wp","href":"https:\/\/api.w.org\/{rel}","templated":true}]}}