
{"id":121096,"date":"2025-03-14T09:28:14","date_gmt":"2025-03-14T12:28:14","guid":{"rendered":"https:\/\/www.sudoestehoje.com.br\/novoportal\/?p=121096"},"modified":"2025-03-14T09:28:14","modified_gmt":"2025-03-14T12:28:14","slug":"maioria-dos-brasileiros-desaprova-governo-lula-aponta-pesquisa-ipsos-ipec","status":"publish","type":"post","link":"https:\/\/www.sudoestehoje.com.br\/novoportal\/2025\/03\/14\/maioria-dos-brasileiros-desaprova-governo-lula-aponta-pesquisa-ipsos-ipec\/","title":{"rendered":"MAIORIA DOS BRASILEIROS DESAPROVA GOVERNO LULA, APONTA PESQUISA IPSOS-IPEC"},"content":{"rendered":"<p><img loading=\"lazy\" decoding=\"async\" class=\"alignnone  wp-image-121098\" src=\"https:\/\/www.sudoestehoje.com.br\/novoportal\/wp-content\/uploads\/2025\/03\/images-1.jpg\" alt=\"\" width=\"561\" height=\"373\" \/><\/p>\n<p><strong>O Instituto Ipsos-Ipec divulgou nesta quinta-feira (13) uma pesquisa sobre a avalia\u00e7\u00e3o dos brasileiros em rela\u00e7\u00e3o ao governo do presidente Lula. O levantamento foi realizado entre os dias 7 e 12 de mar\u00e7o, ouvindo 2 mil pessoas com 16 anos ou mais em 131 munic\u00edpios. A margem de erro \u00e9 de dois pontos percentuais para mais ou para menos.<\/strong><\/p>\n<p><strong>Os dados indicam uma queda na aprova\u00e7\u00e3o do governo. Em mar\u00e7o de 2024, 33% avaliavam a gest\u00e3o como \u00f3tima ou boa. Esse \u00edndice subiu para 37% em julho, oscilou para 35% em setembro, 34% em dezembro e, agora, caiu para 27%. J\u00e1 a avalia\u00e7\u00e3o regular permaneceu est\u00e1vel nos \u00faltimos meses, registrando 30% em mar\u00e7o de 2025. O percentual dos que consideram o governo ruim ou p\u00e9ssimo cresceu de 32% em mar\u00e7o de 2024 para 41% no levantamento atual.<\/strong><\/p>\n<p><strong>A pesquisa tamb\u00e9m analisou a aprova\u00e7\u00e3o da forma como Lula governa o pa\u00eds. H\u00e1 um ano, 49% aprovavam seu governo. Esse n\u00famero atingiu 50% em julho, caiu para 47% em dezembro e agora registra 40%. J\u00e1 a desaprova\u00e7\u00e3o subiu de 45% em mar\u00e7o de 2024 para 55% no levantamento atual.<\/strong><\/p>\n<p><strong>Outro ponto abordado foi a confian\u00e7a no presidente. Em mar\u00e7o de 2024, 45% dos entrevistados afirmaram confiar em Lula. Esse \u00edndice se manteve est\u00e1vel ao longo do ano passado, mas agora caiu para 40%. A desconfian\u00e7a, que era de 51% h\u00e1 um ano, subiu para 58%.<\/strong><\/p>\n","protected":false},"excerpt":{"rendered":"<p>O Instituto Ipsos-Ipec divulgou nesta quinta-feira (13) uma pesquisa sobre a avalia\u00e7\u00e3o dos brasileiros em rela\u00e7\u00e3o ao governo do presidente Lula. O levantamento foi realizado entre os dias 7 e 12 de mar\u00e7o, ouvindo 2 mil pessoas com 16 anos ou mais em 131 munic\u00edpios. A margem de erro \u00e9 de dois pontos percentuais para [&hellip;]<\/p>\n","protected":false},"author":2,"featured_media":121098,"comment_status":"closed","ping_status":"open","sticky":false,"template":"","format":"standard","meta":{"footnotes":"","_links_to":"","_links_to_target":""},"categories":[1],"tags":[],"class_list":["post-121096","post","type-post","status-publish","format-standard","has-post-thumbnail","hentry","category-geral"],"views":465,"_links":{"self":[{"href":"https:\/\/www.sudoestehoje.com.br\/novoportal\/wp-json\/wp\/v2\/posts\/121096","targetHints":{"allow":["GET"]}}],"collection":[{"href":"https:\/\/www.sudoestehoje.com.br\/novoportal\/wp-json\/wp\/v2\/posts"}],"about":[{"href":"https:\/\/www.sudoestehoje.com.br\/novoportal\/wp-json\/wp\/v2\/types\/post"}],"author":[{"embeddable":true,"href":"https:\/\/www.sudoestehoje.com.br\/novoportal\/wp-json\/wp\/v2\/users\/2"}],"replies":[{"embeddable":true,"href":"https:\/\/www.sudoestehoje.com.br\/novoportal\/wp-json\/wp\/v2\/comments?post=121096"}],"version-history":[{"count":2,"href":"https:\/\/www.sudoestehoje.com.br\/novoportal\/wp-json\/wp\/v2\/posts\/121096\/revisions"}],"predecessor-version":[{"id":121099,"href":"https:\/\/www.sudoestehoje.com.br\/novoportal\/wp-json\/wp\/v2\/posts\/121096\/revisions\/121099"}],"wp:featuredmedia":[{"embeddable":true,"href":"https:\/\/www.sudoestehoje.com.br\/novoportal\/wp-json\/wp\/v2\/media\/121098"}],"wp:attachment":[{"href":"https:\/\/www.sudoestehoje.com.br\/novoportal\/wp-json\/wp\/v2\/media?parent=121096"}],"wp:term":[{"taxonomy":"category","embeddable":true,"href":"https:\/\/www.sudoestehoje.com.br\/novoportal\/wp-json\/wp\/v2\/categories?post=121096"},{"taxonomy":"post_tag","embeddable":true,"href":"https:\/\/www.sudoestehoje.com.br\/novoportal\/wp-json\/wp\/v2\/tags?post=121096"}],"curies":[{"name":"wp","href":"https:\/\/api.w.org\/{rel}","templated":true}]}}