
{"id":121060,"date":"2025-03-13T10:07:29","date_gmt":"2025-03-13T13:07:29","guid":{"rendered":"https:\/\/www.sudoestehoje.com.br\/novoportal\/?p=121060"},"modified":"2025-03-13T10:11:48","modified_gmt":"2025-03-13T13:11:48","slug":"vereadores-de-ilheus-sao-cassados-pelo-tre-por-fraude-em-cota-de-genero","status":"publish","type":"post","link":"https:\/\/www.sudoestehoje.com.br\/novoportal\/2025\/03\/13\/vereadores-de-ilheus-sao-cassados-pelo-tre-por-fraude-em-cota-de-genero\/","title":{"rendered":"VEREADORES DE ILH\u00c9US S\u00c3O CASSADOS PELO TRE POR FRAUDE \u00c0 COTA DE G\u00caNERO"},"content":{"rendered":"<p><img loading=\"lazy\" decoding=\"async\" class=\"alignnone wp-image-121061\" src=\"https:\/\/www.sudoestehoje.com.br\/novoportal\/wp-content\/uploads\/2025\/03\/JUSTICA-ELEITORAL-CASSA-MANDATOS-DE-VEREADORES-EM-ILHEUS-POR-FRAUDE-NA-COTA-DE-GENERO-1024x597-1.jpg\" alt=\"\" width=\"563\" height=\"328\" \/><\/p>\n<p><strong>A Justi\u00e7a Eleitoral da 25\u00aa Zona de Ilh\u00e9us (BA) determinou a cassa\u00e7\u00e3o dos mandatos dos vereadores Neto da Sa\u00fade (PMB) e Odailson Pequeno (PODEMOS), ap\u00f3s identificar fraudes no sistema de cotas de g\u00eanero nas elei\u00e7\u00f5es municipais de 2024. A senten\u00e7a, assinada pelo juiz Gustavo Henrique Almeida Lyra, tamb\u00e9m anulou os votos dos dois partidos e ordenou a recontagem dos quocientes eleitorais, o que pode alterar a composi\u00e7\u00e3o da C\u00e2mara Municipal.<\/strong><\/p>\n<p data-start=\"675\" data-end=\"1237\"><strong>A investiga\u00e7\u00e3o revelou que o PMB inscreveu candidatas fict\u00edcias apenas para cumprir a cota m\u00ednima de 30% de mulheres, sem oferecer apoio ou estrutura para campanhas reais. Como consequ\u00eancia, o vereador Neto da Sa\u00fade perdeu o mandato, e as candidatas envolvidas foram declaradas ineleg\u00edveis por oito anos. J\u00e1 no caso do PODEMOS, a Justi\u00e7a identificou irregularidades na candidatura de Vict\u00f3ria Guiomar de Jesus Raimundo, cuja campanha n\u00e3o teve votos nem movimenta\u00e7\u00e3o financeira real. Com isso, Odailson Pequeno tamb\u00e9m teve o mandato cassado.<\/strong><\/p>\n<p data-start=\"1239\" data-end=\"1465\" data-is-last-node=\"\" data-is-only-node=\"\"><strong>A decis\u00e3o, que tem efeito imediato, j\u00e1 foi comunicada \u00e0 C\u00e2mara Municipal, que dever\u00e1 recalcular a distribui\u00e7\u00e3o das vagas. No entanto, os vereadores ainda podem recorrer ao Tribunal Regional Eleitoral da Bahia (TRE-BA).<\/strong><\/p>\n","protected":false},"excerpt":{"rendered":"<p>A Justi\u00e7a Eleitoral da 25\u00aa Zona de Ilh\u00e9us (BA) determinou a cassa\u00e7\u00e3o dos mandatos dos vereadores Neto da Sa\u00fade (PMB) e Odailson Pequeno (PODEMOS), ap\u00f3s identificar fraudes no sistema de cotas de g\u00eanero nas elei\u00e7\u00f5es municipais de 2024. A senten\u00e7a, assinada pelo juiz Gustavo Henrique Almeida Lyra, tamb\u00e9m anulou os votos dos dois partidos e [&hellip;]<\/p>\n","protected":false},"author":2,"featured_media":121061,"comment_status":"closed","ping_status":"open","sticky":false,"template":"","format":"standard","meta":{"footnotes":"","_links_to":"","_links_to_target":""},"categories":[1],"tags":[],"class_list":["post-121060","post","type-post","status-publish","format-standard","has-post-thumbnail","hentry","category-geral"],"views":892,"_links":{"self":[{"href":"https:\/\/www.sudoestehoje.com.br\/novoportal\/wp-json\/wp\/v2\/posts\/121060","targetHints":{"allow":["GET"]}}],"collection":[{"href":"https:\/\/www.sudoestehoje.com.br\/novoportal\/wp-json\/wp\/v2\/posts"}],"about":[{"href":"https:\/\/www.sudoestehoje.com.br\/novoportal\/wp-json\/wp\/v2\/types\/post"}],"author":[{"embeddable":true,"href":"https:\/\/www.sudoestehoje.com.br\/novoportal\/wp-json\/wp\/v2\/users\/2"}],"replies":[{"embeddable":true,"href":"https:\/\/www.sudoestehoje.com.br\/novoportal\/wp-json\/wp\/v2\/comments?post=121060"}],"version-history":[{"count":4,"href":"https:\/\/www.sudoestehoje.com.br\/novoportal\/wp-json\/wp\/v2\/posts\/121060\/revisions"}],"predecessor-version":[{"id":121065,"href":"https:\/\/www.sudoestehoje.com.br\/novoportal\/wp-json\/wp\/v2\/posts\/121060\/revisions\/121065"}],"wp:featuredmedia":[{"embeddable":true,"href":"https:\/\/www.sudoestehoje.com.br\/novoportal\/wp-json\/wp\/v2\/media\/121061"}],"wp:attachment":[{"href":"https:\/\/www.sudoestehoje.com.br\/novoportal\/wp-json\/wp\/v2\/media?parent=121060"}],"wp:term":[{"taxonomy":"category","embeddable":true,"href":"https:\/\/www.sudoestehoje.com.br\/novoportal\/wp-json\/wp\/v2\/categories?post=121060"},{"taxonomy":"post_tag","embeddable":true,"href":"https:\/\/www.sudoestehoje.com.br\/novoportal\/wp-json\/wp\/v2\/tags?post=121060"}],"curies":[{"name":"wp","href":"https:\/\/api.w.org\/{rel}","templated":true}]}}