
{"id":121044,"date":"2025-03-12T09:09:45","date_gmt":"2025-03-12T12:09:45","guid":{"rendered":"https:\/\/www.sudoestehoje.com.br\/novoportal\/?p=121044"},"modified":"2025-03-12T09:11:07","modified_gmt":"2025-03-12T12:11:07","slug":"conquista-pleno-do-tse-mantem-sheila-lemos-elegivel-em-acao-proposta-pelo-pt","status":"publish","type":"post","link":"https:\/\/www.sudoestehoje.com.br\/novoportal\/2025\/03\/12\/conquista-pleno-do-tse-mantem-sheila-lemos-elegivel-em-acao-proposta-pelo-pt\/","title":{"rendered":"CONQUISTA | PLENO DO TSE MANT\u00c9M SHEILA LEMOS ELEG\u00cdVEL EM A\u00c7\u00c3O PROPOSTA PELO PT"},"content":{"rendered":"<p data-start=\"88\" data-end=\"439\"><img loading=\"lazy\" decoding=\"async\" class=\"alignnone wp-image-121046\" src=\"https:\/\/www.sudoestehoje.com.br\/novoportal\/wp-content\/uploads\/2025\/03\/WhatsApp-Image-2024-08-20-at-19.27.39-e1731337227596.jpeg\" alt=\"\" width=\"559\" height=\"395\" \/><\/p>\n<p data-start=\"88\" data-end=\"439\"><strong>O Tribunal Superior Eleitoral (TSE) decidiu, nesta ter\u00e7a-feira (11), manter a elegibilidade da prefeita de Vit\u00f3ria da Conquista, Sheila Lemos (Uni\u00e3o Brasil). O colegiado de ministros votou a favor da gestora, rejeitando o recurso apresentado pela Federa\u00e7\u00e3o Brasil da Esperan\u00e7a (PT, PCdoB e PV) e pelo ex-candidato a prefeito Marcos Adriano (Avante).<\/strong><\/p>\n<p data-start=\"441\" data-end=\"679\"><strong>A a\u00e7\u00e3o foi encaminhada ao plen\u00e1rio ap\u00f3s contesta\u00e7\u00e3o \u00e0 decis\u00e3o monocr\u00e1tica do ministro Andr\u00e9 Tavares, relator do processo, que j\u00e1 havia se manifestado favoravelmente \u00e0 prefeita. O julgamento sofreu dois adiamentos antes de ser conclu\u00eddo.<\/strong><\/p>\n<p data-start=\"681\" data-end=\"878\" data-is-last-node=\"\" data-is-only-node=\"\"><strong>Com a decis\u00e3o, Sheila Lemos segue apta a exercer o mandato. O resultado fortalece sua posi\u00e7\u00e3o pol\u00edtica na cidade. \/\/<em>Blog do Rodrigo Ferraz<\/em><\/strong><\/p>\n","protected":false},"excerpt":{"rendered":"<p>O Tribunal Superior Eleitoral (TSE) decidiu, nesta ter\u00e7a-feira (11), manter a elegibilidade da prefeita de Vit\u00f3ria da Conquista, Sheila Lemos (Uni\u00e3o Brasil). O colegiado de ministros votou a favor da gestora, rejeitando o recurso apresentado pela Federa\u00e7\u00e3o Brasil da Esperan\u00e7a (PT, PCdoB e PV) e pelo ex-candidato a prefeito Marcos Adriano (Avante). A a\u00e7\u00e3o foi [&hellip;]<\/p>\n","protected":false},"author":2,"featured_media":121046,"comment_status":"closed","ping_status":"open","sticky":false,"template":"","format":"standard","meta":{"footnotes":"","_links_to":"","_links_to_target":""},"categories":[1],"tags":[],"class_list":["post-121044","post","type-post","status-publish","format-standard","has-post-thumbnail","hentry","category-geral"],"views":806,"_links":{"self":[{"href":"https:\/\/www.sudoestehoje.com.br\/novoportal\/wp-json\/wp\/v2\/posts\/121044","targetHints":{"allow":["GET"]}}],"collection":[{"href":"https:\/\/www.sudoestehoje.com.br\/novoportal\/wp-json\/wp\/v2\/posts"}],"about":[{"href":"https:\/\/www.sudoestehoje.com.br\/novoportal\/wp-json\/wp\/v2\/types\/post"}],"author":[{"embeddable":true,"href":"https:\/\/www.sudoestehoje.com.br\/novoportal\/wp-json\/wp\/v2\/users\/2"}],"replies":[{"embeddable":true,"href":"https:\/\/www.sudoestehoje.com.br\/novoportal\/wp-json\/wp\/v2\/comments?post=121044"}],"version-history":[{"count":4,"href":"https:\/\/www.sudoestehoje.com.br\/novoportal\/wp-json\/wp\/v2\/posts\/121044\/revisions"}],"predecessor-version":[{"id":121050,"href":"https:\/\/www.sudoestehoje.com.br\/novoportal\/wp-json\/wp\/v2\/posts\/121044\/revisions\/121050"}],"wp:featuredmedia":[{"embeddable":true,"href":"https:\/\/www.sudoestehoje.com.br\/novoportal\/wp-json\/wp\/v2\/media\/121046"}],"wp:attachment":[{"href":"https:\/\/www.sudoestehoje.com.br\/novoportal\/wp-json\/wp\/v2\/media?parent=121044"}],"wp:term":[{"taxonomy":"category","embeddable":true,"href":"https:\/\/www.sudoestehoje.com.br\/novoportal\/wp-json\/wp\/v2\/categories?post=121044"},{"taxonomy":"post_tag","embeddable":true,"href":"https:\/\/www.sudoestehoje.com.br\/novoportal\/wp-json\/wp\/v2\/tags?post=121044"}],"curies":[{"name":"wp","href":"https:\/\/api.w.org\/{rel}","templated":true}]}}