
{"id":121034,"date":"2025-03-11T11:32:30","date_gmt":"2025-03-11T14:32:30","guid":{"rendered":"https:\/\/www.sudoestehoje.com.br\/novoportal\/?p=121034"},"modified":"2025-03-11T11:33:56","modified_gmt":"2025-03-11T14:33:56","slug":"53a-exposicao-agropecuaria-de-itapetinga-sera-realizada-entre-15-e-25-de-maio","status":"publish","type":"post","link":"https:\/\/www.sudoestehoje.com.br\/novoportal\/2025\/03\/11\/53a-exposicao-agropecuaria-de-itapetinga-sera-realizada-entre-15-e-25-de-maio\/","title":{"rendered":"53\u00aa EXPOSI\u00c7\u00c3O AGROPECU\u00c1RIA DE ITAPETINGA SER\u00c1 REALIZADA ENTRE 15 E 25 DE MAIO"},"content":{"rendered":"<p><img loading=\"lazy\" decoding=\"async\" class=\"alignnone wp-image-121037\" src=\"https:\/\/www.sudoestehoje.com.br\/novoportal\/wp-content\/uploads\/2025\/03\/Imagem-do-WhatsApp-de-2025-03-11-as-11.00.58_89a5fe9a.jpg\" alt=\"\" width=\"561\" height=\"335\" \/><\/p>\n<p><strong>Atrav\u00e9s de contato com o <em><span style=\"color: #0000ff;\">Sudoeste Hoje, <\/span><\/em>o Sindicato Rural de Itapetinga\u00a0 confirmou a realiza\u00e7\u00e3o da 53\u00aa Exposi\u00e7\u00e3o Agropecu\u00e1ria de Itapetinga, entre os dias 15 e 25 de maio deste ano de 2025.<\/strong><\/p>\n<p><strong>Maior festa da pecu\u00e1ria do interior baiano, a tradicional Exposi\u00e7\u00e3o de Itapetinga \u00e9 conhecida nacionalmente, elevando o nome do munic\u00edpio, tamb\u00e9m conhecido como &#8216;Capital da Pecu\u00e1ria Baiana&#8217;.<\/strong><\/p>\n<p><strong>Em 2025, a exposi\u00e7\u00e3o ser\u00e1 realizada sob o comando do novo presidente Dr. Edinho Borges, veterin\u00e1rio e pecuarista experiente e de sucesso, que encara mais este desafio, ao lado de toda a diretoria do sindicato.<\/strong><\/p>\n<p><strong>Tudo confirmado!<\/strong><\/p>\n<p><strong>Por Davi Ferraz<\/strong><\/p>\n<p><img loading=\"lazy\" decoding=\"async\" class=\"alignnone  wp-image-120815\" src=\"https:\/\/www.sudoestehoje.com.br\/novoportal\/wp-content\/uploads\/2025\/02\/BANNER.png\" alt=\"\" width=\"558\" height=\"58\" \/><\/p>\n","protected":false},"excerpt":{"rendered":"<p>Atrav\u00e9s de contato com o Sudoeste Hoje, o Sindicato Rural de Itapetinga\u00a0 confirmou a realiza\u00e7\u00e3o da 53\u00aa Exposi\u00e7\u00e3o Agropecu\u00e1ria de Itapetinga, entre os dias 15 e 25 de maio deste ano de 2025. Maior festa da pecu\u00e1ria do interior baiano, a tradicional Exposi\u00e7\u00e3o de Itapetinga \u00e9 conhecida nacionalmente, elevando o nome do munic\u00edpio, tamb\u00e9m conhecido [&hellip;]<\/p>\n","protected":false},"author":2,"featured_media":121037,"comment_status":"closed","ping_status":"open","sticky":false,"template":"","format":"standard","meta":{"footnotes":"","_links_to":"","_links_to_target":""},"categories":[1],"tags":[],"class_list":["post-121034","post","type-post","status-publish","format-standard","has-post-thumbnail","hentry","category-geral"],"views":4939,"_links":{"self":[{"href":"https:\/\/www.sudoestehoje.com.br\/novoportal\/wp-json\/wp\/v2\/posts\/121034","targetHints":{"allow":["GET"]}}],"collection":[{"href":"https:\/\/www.sudoestehoje.com.br\/novoportal\/wp-json\/wp\/v2\/posts"}],"about":[{"href":"https:\/\/www.sudoestehoje.com.br\/novoportal\/wp-json\/wp\/v2\/types\/post"}],"author":[{"embeddable":true,"href":"https:\/\/www.sudoestehoje.com.br\/novoportal\/wp-json\/wp\/v2\/users\/2"}],"replies":[{"embeddable":true,"href":"https:\/\/www.sudoestehoje.com.br\/novoportal\/wp-json\/wp\/v2\/comments?post=121034"}],"version-history":[{"count":7,"href":"https:\/\/www.sudoestehoje.com.br\/novoportal\/wp-json\/wp\/v2\/posts\/121034\/revisions"}],"predecessor-version":[{"id":121042,"href":"https:\/\/www.sudoestehoje.com.br\/novoportal\/wp-json\/wp\/v2\/posts\/121034\/revisions\/121042"}],"wp:featuredmedia":[{"embeddable":true,"href":"https:\/\/www.sudoestehoje.com.br\/novoportal\/wp-json\/wp\/v2\/media\/121037"}],"wp:attachment":[{"href":"https:\/\/www.sudoestehoje.com.br\/novoportal\/wp-json\/wp\/v2\/media?parent=121034"}],"wp:term":[{"taxonomy":"category","embeddable":true,"href":"https:\/\/www.sudoestehoje.com.br\/novoportal\/wp-json\/wp\/v2\/categories?post=121034"},{"taxonomy":"post_tag","embeddable":true,"href":"https:\/\/www.sudoestehoje.com.br\/novoportal\/wp-json\/wp\/v2\/tags?post=121034"}],"curies":[{"name":"wp","href":"https:\/\/api.w.org\/{rel}","templated":true}]}}