
{"id":121021,"date":"2025-03-11T09:00:46","date_gmt":"2025-03-11T12:00:46","guid":{"rendered":"https:\/\/www.sudoestehoje.com.br\/novoportal\/?p=121021"},"modified":"2025-03-11T09:00:46","modified_gmt":"2025-03-11T12:00:46","slug":"brasil-anac-suspende-todos-os-voos-da-voepass-por-falta-de-seguranca","status":"publish","type":"post","link":"https:\/\/www.sudoestehoje.com.br\/novoportal\/2025\/03\/11\/brasil-anac-suspende-todos-os-voos-da-voepass-por-falta-de-seguranca\/","title":{"rendered":"BRASIL | ANAC SUSPENDE TODOS OS VOOS DA VOEPASS POR FALTA DE SEGURAN\u00c7A"},"content":{"rendered":"<p><img loading=\"lazy\" decoding=\"async\" class=\"alignnone  wp-image-121023\" src=\"https:\/\/www.sudoestehoje.com.br\/novoportal\/wp-content\/uploads\/2025\/03\/jp-1-14-750x450-1.png\" alt=\"\" width=\"560\" height=\"336\" \/><\/p>\n<p><strong>A Ag\u00eancia Nacional de Avia\u00e7\u00e3o Civil (Anac) suspendeu os voos da companhia a\u00e9rea Voepass por falta de seguran\u00e7a nas opera\u00e7\u00f5es. A medida entra em vigor a partir desta ter\u00e7a-feira (11).<\/strong><\/p>\n<p><strong>&#8220;A Anac determinou a suspens\u00e3o das opera\u00e7\u00f5es da empresa at\u00e9 que seja evidenciada a retomada de sua capacidade de garantir o n\u00edvel de seguran\u00e7a previsto nos regulamentos vigentes&#8221;, informou a ag\u00eancia.<\/strong><\/p>\n<p><strong>De acordo com a ag\u00eancia, a suspens\u00e3o tem car\u00e1ter cautelar e deve vigorar at\u00e9 que a companhia a\u00e9rea &#8220;comprove a corre\u00e7\u00e3o de n\u00e3o conformidades relacionadas ao sistema de gest\u00e3o previstas em regulamentos&#8221;.<\/strong><\/p>\n","protected":false},"excerpt":{"rendered":"<p>A Ag\u00eancia Nacional de Avia\u00e7\u00e3o Civil (Anac) suspendeu os voos da companhia a\u00e9rea Voepass por falta de seguran\u00e7a nas opera\u00e7\u00f5es. A medida entra em vigor a partir desta ter\u00e7a-feira (11). &#8220;A Anac determinou a suspens\u00e3o das opera\u00e7\u00f5es da empresa at\u00e9 que seja evidenciada a retomada de sua capacidade de garantir o n\u00edvel de seguran\u00e7a previsto [&hellip;]<\/p>\n","protected":false},"author":2,"featured_media":121023,"comment_status":"closed","ping_status":"open","sticky":false,"template":"","format":"standard","meta":{"footnotes":"","_links_to":"","_links_to_target":""},"categories":[1],"tags":[],"class_list":["post-121021","post","type-post","status-publish","format-standard","has-post-thumbnail","hentry","category-geral"],"views":650,"_links":{"self":[{"href":"https:\/\/www.sudoestehoje.com.br\/novoportal\/wp-json\/wp\/v2\/posts\/121021","targetHints":{"allow":["GET"]}}],"collection":[{"href":"https:\/\/www.sudoestehoje.com.br\/novoportal\/wp-json\/wp\/v2\/posts"}],"about":[{"href":"https:\/\/www.sudoestehoje.com.br\/novoportal\/wp-json\/wp\/v2\/types\/post"}],"author":[{"embeddable":true,"href":"https:\/\/www.sudoestehoje.com.br\/novoportal\/wp-json\/wp\/v2\/users\/2"}],"replies":[{"embeddable":true,"href":"https:\/\/www.sudoestehoje.com.br\/novoportal\/wp-json\/wp\/v2\/comments?post=121021"}],"version-history":[{"count":2,"href":"https:\/\/www.sudoestehoje.com.br\/novoportal\/wp-json\/wp\/v2\/posts\/121021\/revisions"}],"predecessor-version":[{"id":121024,"href":"https:\/\/www.sudoestehoje.com.br\/novoportal\/wp-json\/wp\/v2\/posts\/121021\/revisions\/121024"}],"wp:featuredmedia":[{"embeddable":true,"href":"https:\/\/www.sudoestehoje.com.br\/novoportal\/wp-json\/wp\/v2\/media\/121023"}],"wp:attachment":[{"href":"https:\/\/www.sudoestehoje.com.br\/novoportal\/wp-json\/wp\/v2\/media?parent=121021"}],"wp:term":[{"taxonomy":"category","embeddable":true,"href":"https:\/\/www.sudoestehoje.com.br\/novoportal\/wp-json\/wp\/v2\/categories?post=121021"},{"taxonomy":"post_tag","embeddable":true,"href":"https:\/\/www.sudoestehoje.com.br\/novoportal\/wp-json\/wp\/v2\/tags?post=121021"}],"curies":[{"name":"wp","href":"https:\/\/api.w.org\/{rel}","templated":true}]}}