
{"id":121017,"date":"2025-03-10T10:34:06","date_gmt":"2025-03-10T13:34:06","guid":{"rendered":"https:\/\/www.sudoestehoje.com.br\/novoportal\/?p=121017"},"modified":"2025-03-10T10:34:06","modified_gmt":"2025-03-10T13:34:06","slug":"coopardo-lamenta-morte-do-produtor-rural-arlindo-andrade","status":"publish","type":"post","link":"https:\/\/www.sudoestehoje.com.br\/novoportal\/2025\/03\/10\/coopardo-lamenta-morte-do-produtor-rural-arlindo-andrade\/","title":{"rendered":"COOPARDO LAMENTA MORTE DO PRODUTOR RURAL ARLINDO ANDRADE"},"content":{"rendered":"<p><img loading=\"lazy\" decoding=\"async\" class=\"alignnone  wp-image-121018\" src=\"https:\/\/www.sudoestehoje.com.br\/novoportal\/wp-content\/uploads\/2025\/03\/Imagem-do-WhatsApp-de-2025-03-10-as-10.20.08_88f70bfe.jpg\" alt=\"\" width=\"559\" height=\"618\" \/><\/p>\n<p><strong>&#8216;A Coopardo, em nome da sua diretoria e conselheiros , manifesta seus sentimentos \u00e0 fam\u00edlia do cooperado e amigo Arlindo Andrade, homem que ajudou trazer o progresso desde a cidade de Itarantim e a nossa Itapetinga no com\u00e9rcio lojista e com grande participa\u00e7\u00e3o na nossa Cooperativa<\/strong><strong>. Saudades da boa conversa e da sua experi\u00eancia far\u00e1 a n\u00f3s todos. Deus conforte os familiares e d\u00ea um lugar especial ao querido amigo. Alex Coelho &#8211; Presidente.&#8217;<\/strong><\/p>\n","protected":false},"excerpt":{"rendered":"<p>&#8216;A Coopardo, em nome da sua diretoria e conselheiros , manifesta seus sentimentos \u00e0 fam\u00edlia do cooperado e amigo Arlindo Andrade, homem que ajudou trazer o progresso desde a cidade de Itarantim e a nossa Itapetinga no com\u00e9rcio lojista e com grande participa\u00e7\u00e3o na nossa Cooperativa. Saudades da boa conversa e da sua experi\u00eancia far\u00e1 [&hellip;]<\/p>\n","protected":false},"author":2,"featured_media":121018,"comment_status":"closed","ping_status":"open","sticky":false,"template":"","format":"standard","meta":{"footnotes":"","_links_to":"","_links_to_target":""},"categories":[1],"tags":[],"class_list":["post-121017","post","type-post","status-publish","format-standard","has-post-thumbnail","hentry","category-geral"],"views":552,"_links":{"self":[{"href":"https:\/\/www.sudoestehoje.com.br\/novoportal\/wp-json\/wp\/v2\/posts\/121017","targetHints":{"allow":["GET"]}}],"collection":[{"href":"https:\/\/www.sudoestehoje.com.br\/novoportal\/wp-json\/wp\/v2\/posts"}],"about":[{"href":"https:\/\/www.sudoestehoje.com.br\/novoportal\/wp-json\/wp\/v2\/types\/post"}],"author":[{"embeddable":true,"href":"https:\/\/www.sudoestehoje.com.br\/novoportal\/wp-json\/wp\/v2\/users\/2"}],"replies":[{"embeddable":true,"href":"https:\/\/www.sudoestehoje.com.br\/novoportal\/wp-json\/wp\/v2\/comments?post=121017"}],"version-history":[{"count":2,"href":"https:\/\/www.sudoestehoje.com.br\/novoportal\/wp-json\/wp\/v2\/posts\/121017\/revisions"}],"predecessor-version":[{"id":121020,"href":"https:\/\/www.sudoestehoje.com.br\/novoportal\/wp-json\/wp\/v2\/posts\/121017\/revisions\/121020"}],"wp:featuredmedia":[{"embeddable":true,"href":"https:\/\/www.sudoestehoje.com.br\/novoportal\/wp-json\/wp\/v2\/media\/121018"}],"wp:attachment":[{"href":"https:\/\/www.sudoestehoje.com.br\/novoportal\/wp-json\/wp\/v2\/media?parent=121017"}],"wp:term":[{"taxonomy":"category","embeddable":true,"href":"https:\/\/www.sudoestehoje.com.br\/novoportal\/wp-json\/wp\/v2\/categories?post=121017"},{"taxonomy":"post_tag","embeddable":true,"href":"https:\/\/www.sudoestehoje.com.br\/novoportal\/wp-json\/wp\/v2\/tags?post=121017"}],"curies":[{"name":"wp","href":"https:\/\/api.w.org\/{rel}","templated":true}]}}