
{"id":121011,"date":"2025-03-10T10:16:23","date_gmt":"2025-03-10T13:16:23","guid":{"rendered":"https:\/\/www.sudoestehoje.com.br\/novoportal\/?p=121011"},"modified":"2025-03-10T10:16:23","modified_gmt":"2025-03-10T13:16:23","slug":"luto-morre-aos-101-anos-o-pecuarista-e-comerciante-arlindo-andrade","status":"publish","type":"post","link":"https:\/\/www.sudoestehoje.com.br\/novoportal\/2025\/03\/10\/luto-morre-aos-101-anos-o-pecuarista-e-comerciante-arlindo-andrade\/","title":{"rendered":"LUTO | MORRE AOS 101 ANOS O PECUARISTA E COMERCIANTE ARLINDO ANDRADE"},"content":{"rendered":"<p><img loading=\"lazy\" decoding=\"async\" class=\"alignnone  wp-image-121014\" src=\"https:\/\/www.sudoestehoje.com.br\/novoportal\/wp-content\/uploads\/2025\/03\/Imagem-do-WhatsApp-de-2025-03-10-as-10.01.26_3f820d03.jpg\" alt=\"\" width=\"561\" height=\"339\" \/><\/p>\n<p><strong>Faleceu, nesta segunda-feira (10), aos 101 anos de idade, o conhecido pecuarista e ex-comerciante, Arlindo Andrade, de causas naturais.\u00a0<\/strong><\/p>\n<p><strong>&#8216;Seu Alindo&#8217; como era conhecido, atuou no com\u00e9rcio de Itapetinga como propriet\u00e1rio da loja de tecidos Casa Andrade, localizada no centro comercial da cidade, desde os prim\u00f3rdios da forma\u00e7\u00e3o do munic\u00edpio, passando tamb\u00e9m a atuar na atividade pecu\u00e1ria, como grande produtor na regi\u00e3o.<\/strong><\/p>\n<p><strong>Recentemente, foi homenageado pela Coopardo, que inaugurou a &#8216;Sala do Produtor&#8217; com o seu nome.<\/strong><\/p>\n<p><strong>O Sudoeste Hoje lamenta a morte do amigo e estende seu pesar \u00e0 fam\u00edlia enlutada, parentes e amigos.<\/strong><\/p>\n<p><strong>Aguardem informa\u00e7\u00f5es sobre o funeral&#8230;<\/strong><\/p>\n<p><strong>Por Davi Ferraz\u00a0\u00a0<\/strong><\/p>\n","protected":false},"excerpt":{"rendered":"<p>Faleceu, nesta segunda-feira (10), aos 101 anos de idade, o conhecido pecuarista e ex-comerciante, Arlindo Andrade, de causas naturais.\u00a0 &#8216;Seu Alindo&#8217; como era conhecido, atuou no com\u00e9rcio de Itapetinga como propriet\u00e1rio da loja de tecidos Casa Andrade, localizada no centro comercial da cidade, desde os prim\u00f3rdios da forma\u00e7\u00e3o do munic\u00edpio, passando tamb\u00e9m a atuar na [&hellip;]<\/p>\n","protected":false},"author":2,"featured_media":121014,"comment_status":"closed","ping_status":"open","sticky":false,"template":"","format":"standard","meta":{"footnotes":"","_links_to":"","_links_to_target":""},"categories":[1],"tags":[],"class_list":["post-121011","post","type-post","status-publish","format-standard","has-post-thumbnail","hentry","category-geral"],"views":1322,"_links":{"self":[{"href":"https:\/\/www.sudoestehoje.com.br\/novoportal\/wp-json\/wp\/v2\/posts\/121011","targetHints":{"allow":["GET"]}}],"collection":[{"href":"https:\/\/www.sudoestehoje.com.br\/novoportal\/wp-json\/wp\/v2\/posts"}],"about":[{"href":"https:\/\/www.sudoestehoje.com.br\/novoportal\/wp-json\/wp\/v2\/types\/post"}],"author":[{"embeddable":true,"href":"https:\/\/www.sudoestehoje.com.br\/novoportal\/wp-json\/wp\/v2\/users\/2"}],"replies":[{"embeddable":true,"href":"https:\/\/www.sudoestehoje.com.br\/novoportal\/wp-json\/wp\/v2\/comments?post=121011"}],"version-history":[{"count":4,"href":"https:\/\/www.sudoestehoje.com.br\/novoportal\/wp-json\/wp\/v2\/posts\/121011\/revisions"}],"predecessor-version":[{"id":121016,"href":"https:\/\/www.sudoestehoje.com.br\/novoportal\/wp-json\/wp\/v2\/posts\/121011\/revisions\/121016"}],"wp:featuredmedia":[{"embeddable":true,"href":"https:\/\/www.sudoestehoje.com.br\/novoportal\/wp-json\/wp\/v2\/media\/121014"}],"wp:attachment":[{"href":"https:\/\/www.sudoestehoje.com.br\/novoportal\/wp-json\/wp\/v2\/media?parent=121011"}],"wp:term":[{"taxonomy":"category","embeddable":true,"href":"https:\/\/www.sudoestehoje.com.br\/novoportal\/wp-json\/wp\/v2\/categories?post=121011"},{"taxonomy":"post_tag","embeddable":true,"href":"https:\/\/www.sudoestehoje.com.br\/novoportal\/wp-json\/wp\/v2\/tags?post=121011"}],"curies":[{"name":"wp","href":"https:\/\/api.w.org\/{rel}","templated":true}]}}