
{"id":120988,"date":"2025-03-07T10:10:11","date_gmt":"2025-03-07T13:10:11","guid":{"rendered":"https:\/\/www.sudoestehoje.com.br\/novoportal\/?p=120988"},"modified":"2025-03-07T10:52:41","modified_gmt":"2025-03-07T13:52:41","slug":"economia-preco-do-cafe-baixou-no-atakarejo-de-itapetinga","status":"publish","type":"post","link":"https:\/\/www.sudoestehoje.com.br\/novoportal\/2025\/03\/07\/economia-preco-do-cafe-baixou-no-atakarejo-de-itapetinga\/","title":{"rendered":"ECONOMIA | PRE\u00c7O DO CAF\u00c9 BAIXOU NO ATAKAREJO DE ITAPETINGA"},"content":{"rendered":"<p><span style=\"color: #0000ff;\"><strong>PUBLICIDADE<\/strong><\/span><\/p>\n<p><img loading=\"lazy\" decoding=\"async\" class=\"alignnone wp-image-120990\" src=\"https:\/\/www.sudoestehoje.com.br\/novoportal\/wp-content\/uploads\/2025\/03\/Imagem-do-WhatsApp-de-2025-03-07-as-10.07.00_6d03acec.jpg\" alt=\"\" width=\"561\" height=\"316\" \/><\/p>\n<p><strong>Em tempos de alta de pre\u00e7os dos alimentos em todo o Brasil, o caf\u00e9 se transformou em um verdadeiro vil\u00e3o da economia familiar.<\/strong><\/p>\n<p><strong>Como ningu\u00e9m consegue ficar sem tomar o poderoso cafezinho de todas as horas, principalmente no trabalho, o brasileiro sente a alta do produto, reclama, mas acaba comprando.<\/strong><\/p>\n<p><strong>Em Itapetinga, o consumidor chora mas compra, e economiza em casa, reduzindo o consumo, para compensar os altos pre\u00e7os encontrados nas prateleiras, que chegam a mais de R$ 20 reais o pacote de 250g, de marcas locais e regionais, em v\u00e1rios estabelecimentos.<\/strong><\/p>\n<p><strong>Nesta quinta-feira (6), a reportagem do Sudoeste Hoje foi conferir no Atakarejo e se surpreendeu com o pre\u00e7o promocional de um dos caf\u00e9s preferidos da regi\u00e3o Sudoeste, que est\u00e1 sendo oferecido por R$ 11,89, o pacote.\u00a0<\/strong><\/p>\n<p><strong>Corre, vale a pena conferir&#8230;<\/strong><\/p>\n<p><strong>Reda\u00e7\u00e3o SH\u00a0<\/strong><\/p>\n<p><img loading=\"lazy\" decoding=\"async\" class=\"alignnone wp-image-120996\" src=\"https:\/\/www.sudoestehoje.com.br\/novoportal\/wp-content\/uploads\/2025\/03\/Imagem-do-WhatsApp-de-2025-02-03-as-09.45.05_43ee6315.jpg\" alt=\"\" width=\"565\" height=\"71\" \/><\/p>\n","protected":false},"excerpt":{"rendered":"<p>PUBLICIDADE Em tempos de alta de pre\u00e7os dos alimentos em todo o Brasil, o caf\u00e9 se transformou em um verdadeiro vil\u00e3o da economia familiar. Como ningu\u00e9m consegue ficar sem tomar o poderoso cafezinho de todas as horas, principalmente no trabalho, o brasileiro sente a alta do produto, reclama, mas acaba comprando. Em Itapetinga, o consumidor [&hellip;]<\/p>\n","protected":false},"author":2,"featured_media":120990,"comment_status":"closed","ping_status":"open","sticky":false,"template":"","format":"standard","meta":{"footnotes":"","_links_to":"","_links_to_target":""},"categories":[1],"tags":[],"class_list":["post-120988","post","type-post","status-publish","format-standard","has-post-thumbnail","hentry","category-geral"],"views":1015,"_links":{"self":[{"href":"https:\/\/www.sudoestehoje.com.br\/novoportal\/wp-json\/wp\/v2\/posts\/120988","targetHints":{"allow":["GET"]}}],"collection":[{"href":"https:\/\/www.sudoestehoje.com.br\/novoportal\/wp-json\/wp\/v2\/posts"}],"about":[{"href":"https:\/\/www.sudoestehoje.com.br\/novoportal\/wp-json\/wp\/v2\/types\/post"}],"author":[{"embeddable":true,"href":"https:\/\/www.sudoestehoje.com.br\/novoportal\/wp-json\/wp\/v2\/users\/2"}],"replies":[{"embeddable":true,"href":"https:\/\/www.sudoestehoje.com.br\/novoportal\/wp-json\/wp\/v2\/comments?post=120988"}],"version-history":[{"count":7,"href":"https:\/\/www.sudoestehoje.com.br\/novoportal\/wp-json\/wp\/v2\/posts\/120988\/revisions"}],"predecessor-version":[{"id":120995,"href":"https:\/\/www.sudoestehoje.com.br\/novoportal\/wp-json\/wp\/v2\/posts\/120988\/revisions\/120995"}],"wp:featuredmedia":[{"embeddable":true,"href":"https:\/\/www.sudoestehoje.com.br\/novoportal\/wp-json\/wp\/v2\/media\/120990"}],"wp:attachment":[{"href":"https:\/\/www.sudoestehoje.com.br\/novoportal\/wp-json\/wp\/v2\/media?parent=120988"}],"wp:term":[{"taxonomy":"category","embeddable":true,"href":"https:\/\/www.sudoestehoje.com.br\/novoportal\/wp-json\/wp\/v2\/categories?post=120988"},{"taxonomy":"post_tag","embeddable":true,"href":"https:\/\/www.sudoestehoje.com.br\/novoportal\/wp-json\/wp\/v2\/tags?post=120988"}],"curies":[{"name":"wp","href":"https:\/\/api.w.org\/{rel}","templated":true}]}}