
{"id":120975,"date":"2025-03-07T08:53:15","date_gmt":"2025-03-07T11:53:15","guid":{"rendered":"https:\/\/www.sudoestehoje.com.br\/novoportal\/?p=120975"},"modified":"2025-03-07T08:53:15","modified_gmt":"2025-03-07T11:53:15","slug":"eleicoes-2016-prefeita-de-conquista-cotada-para-compor-chapa-na-vice-de-acm-neto-ao-governo","status":"publish","type":"post","link":"https:\/\/www.sudoestehoje.com.br\/novoportal\/2025\/03\/07\/eleicoes-2016-prefeita-de-conquista-cotada-para-compor-chapa-na-vice-de-acm-neto-ao-governo\/","title":{"rendered":"ELEI\u00c7\u00d5ES 2016 | PREFEITA DE CONQUISTA COTADA PARA COMPOR CHAPA NA VICE DE ACM NETO AO GOVERNO"},"content":{"rendered":"<p><img loading=\"lazy\" decoding=\"async\" class=\"alignnone  wp-image-120978\" src=\"https:\/\/www.sudoestehoje.com.br\/novoportal\/wp-content\/uploads\/2025\/03\/Imagem-do-WhatsApp-de-2025-03-07-as-08.44.52_7ade537c-1.jpg\" alt=\"\" width=\"559\" height=\"368\" \/><\/p>\n<p><strong>Reeleita como prefeita de Vit\u00f3ria da Conquista, em 2022, com 58,83% dos votos, Sheila Lemos (Uni\u00e3o) tem sido ventilada como um nome vi\u00e1vel para ocupar um espa\u00e7o\u00a0na chapa majorit\u00e1ria de oposi\u00e7\u00e3o. Possivelmente encabe\u00e7ada pelo ex-prefeito de Salvador ACM Neto (Uni\u00e3o), Sheila tem ganhado for\u00e7a nos bastidores para estar entre os quatro nomes poss\u00edveis da chapa.\u00a0<\/strong><\/p>\n<p><strong>Com a chapa governista praticamente montada, contando com a presen\u00e7a dos ex-governadores como o senador Jaques Wagner (PT) e o ministro Rui Costa (PT), a oposi\u00e7\u00e3o tamb\u00e9m se articula. Com isso, um dos nomes mencionados repetidas vezes por aliados e lideran\u00e7as ligadas ao ex-prefeito ACM Neto, \u00e9 o da prefeita Sheila Lemos.\u00a0<\/strong><\/p>\n<p><strong>A prefeita de Conquista seria um desejo do grupo, pensando tamb\u00e9m em atrelar a \u201ccapacidade de impacto pol\u00edtico\u201d com a ideia de contemplar o campo feminino. Em 2022, o \u201cespa\u00e7o das mulheres\u201d ficou reservado para a vice, com a empres\u00e1ria Ana Coelho (Republicanos), que n\u00e3o possu\u00eda passado na atua\u00e7\u00e3o pol\u00edtica. Sheila atuaria, justamente, na representa\u00e7\u00e3o das mulheres e com carreira na pol\u00edtica, por\u00e9m, n\u00e3o no espa\u00e7o da vice.\u00a0<\/strong><\/p>\n<p><span style=\"color: #0000ff;\"><strong><a style=\"color: #0000ff;\" href=\"https:\/\/www.bahianoticias.com.br\/noticia\/302308-presenca-feminina-na-chapa-de-acm-neto-em-2026-deve-ser-representada-por-sheila-lemos-prefeita-de-conquista-saiba-onde\">CONFIRA MAT\u00c9RIA COMPLETA NO BN<\/a><\/strong><\/span><\/p>\n","protected":false},"excerpt":{"rendered":"<p>Reeleita como prefeita de Vit\u00f3ria da Conquista, em 2022, com 58,83% dos votos, Sheila Lemos (Uni\u00e3o) tem sido ventilada como um nome vi\u00e1vel para ocupar um espa\u00e7o\u00a0na chapa majorit\u00e1ria de oposi\u00e7\u00e3o. Possivelmente encabe\u00e7ada pelo ex-prefeito de Salvador ACM Neto (Uni\u00e3o), Sheila tem ganhado for\u00e7a nos bastidores para estar entre os quatro nomes poss\u00edveis da chapa.\u00a0 [&hellip;]<\/p>\n","protected":false},"author":2,"featured_media":120978,"comment_status":"closed","ping_status":"open","sticky":false,"template":"","format":"standard","meta":{"footnotes":"","_links_to":"","_links_to_target":""},"categories":[1],"tags":[],"class_list":["post-120975","post","type-post","status-publish","format-standard","has-post-thumbnail","hentry","category-geral"],"views":1070,"_links":{"self":[{"href":"https:\/\/www.sudoestehoje.com.br\/novoportal\/wp-json\/wp\/v2\/posts\/120975","targetHints":{"allow":["GET"]}}],"collection":[{"href":"https:\/\/www.sudoestehoje.com.br\/novoportal\/wp-json\/wp\/v2\/posts"}],"about":[{"href":"https:\/\/www.sudoestehoje.com.br\/novoportal\/wp-json\/wp\/v2\/types\/post"}],"author":[{"embeddable":true,"href":"https:\/\/www.sudoestehoje.com.br\/novoportal\/wp-json\/wp\/v2\/users\/2"}],"replies":[{"embeddable":true,"href":"https:\/\/www.sudoestehoje.com.br\/novoportal\/wp-json\/wp\/v2\/comments?post=120975"}],"version-history":[{"count":3,"href":"https:\/\/www.sudoestehoje.com.br\/novoportal\/wp-json\/wp\/v2\/posts\/120975\/revisions"}],"predecessor-version":[{"id":120980,"href":"https:\/\/www.sudoestehoje.com.br\/novoportal\/wp-json\/wp\/v2\/posts\/120975\/revisions\/120980"}],"wp:featuredmedia":[{"embeddable":true,"href":"https:\/\/www.sudoestehoje.com.br\/novoportal\/wp-json\/wp\/v2\/media\/120978"}],"wp:attachment":[{"href":"https:\/\/www.sudoestehoje.com.br\/novoportal\/wp-json\/wp\/v2\/media?parent=120975"}],"wp:term":[{"taxonomy":"category","embeddable":true,"href":"https:\/\/www.sudoestehoje.com.br\/novoportal\/wp-json\/wp\/v2\/categories?post=120975"},{"taxonomy":"post_tag","embeddable":true,"href":"https:\/\/www.sudoestehoje.com.br\/novoportal\/wp-json\/wp\/v2\/tags?post=120975"}],"curies":[{"name":"wp","href":"https:\/\/api.w.org\/{rel}","templated":true}]}}