
{"id":120951,"date":"2025-03-05T19:15:34","date_gmt":"2025-03-05T22:15:34","guid":{"rendered":"https:\/\/www.sudoestehoje.com.br\/novoportal\/?p=120951"},"modified":"2025-03-05T19:24:45","modified_gmt":"2025-03-05T22:24:45","slug":"feriadoes-saiba-quais-sao-os-proximos-feriados-nacionais-de-2025","status":"publish","type":"post","link":"https:\/\/www.sudoestehoje.com.br\/novoportal\/2025\/03\/05\/feriadoes-saiba-quais-sao-os-proximos-feriados-nacionais-de-2025\/","title":{"rendered":"FERIAD\u00d5ES | SAIBA QUAIS SER\u00c3O OS PR\u00d3XIMOS FERIADOS NACIONAIS DE 2025"},"content":{"rendered":"<p><img loading=\"lazy\" decoding=\"async\" class=\"alignnone wp-image-120952\" src=\"https:\/\/www.sudoestehoje.com.br\/novoportal\/wp-content\/uploads\/2025\/03\/feriados-2025-confira-calendario-completo-do-ano.png\" alt=\"\" width=\"562\" height=\"290\" \/><\/p>\n<p><strong>Ap\u00f3s o fim do Carnaval, o primeiro feriado nacional em 2025 ser\u00e1 a Paix\u00e3o de Cristo, em 18 de abril (sexta-feira). Na sequ\u00eancia, o feriado de Tiradentes, em 21 de abril (segunda-feira), oferecer\u00e1 um feriado prolongado de tr\u00eas dias, ideal para quem quer aproveitar para descansar ou viajar.<\/strong><\/p>\n<p><strong>Outros feriados prolongados que acontecem neste ano incluem:<\/strong><\/p>\n<p><strong>Dia do Trabalhador, em 1\u00ba de maio (quinta-feira);<\/strong><\/p>\n<p><strong>Corpus Christi, em 19 de junho (quinta-feira, com ponto facultativo no dia 20);<\/strong><\/p>\n<p><strong>Dia da Consci\u00eancia Negra, em 20 de novembro (quinta-feira).<\/strong><\/p>\n<p><strong>Al\u00e9m desses, o calend\u00e1rio de 2025 tamb\u00e9m inclui os seguintes feriados e pontos facultativos:<\/strong><\/p>\n<p><strong>7 de setembro (domingo) \u2013 Independ\u00eancia do Brasil;<\/strong><\/p>\n<p><strong>12 de outubro (domingo) \u2013 Nossa Senhora Aparecida;<\/strong><\/p>\n<p><strong>28 de outubro (ter\u00e7a-feira) \u2013 Dia do Servidor P\u00fablico (ponto facultativo);<\/strong><\/p>\n<p><strong>2 de novembro (domingo) \u2013 Finados;<\/strong><\/p>\n<p><strong>15 de novembro (s\u00e1bado) \u2013 Proclama\u00e7\u00e3o da Rep\u00fablica;<\/strong><\/p>\n<p><strong>20 de novembro (quinta-feira) \u2013 Dia Nacional de Zumbi e da Consci\u00eancia Negra.<\/strong><\/p>\n<p><strong>O Natal ser\u00e1 comemorado em 25 de dezembro (quinta-feira), e a V\u00e9spera de Ano Novo ser\u00e1 no 31 de dezembro (quarta-feira), ambos com pontos facultativos no final da tarde.<\/strong><\/p>\n","protected":false},"excerpt":{"rendered":"<p>Ap\u00f3s o fim do Carnaval, o primeiro feriado nacional em 2025 ser\u00e1 a Paix\u00e3o de Cristo, em 18 de abril (sexta-feira). Na sequ\u00eancia, o feriado de Tiradentes, em 21 de abril (segunda-feira), oferecer\u00e1 um feriado prolongado de tr\u00eas dias, ideal para quem quer aproveitar para descansar ou viajar. Outros feriados prolongados que acontecem neste ano [&hellip;]<\/p>\n","protected":false},"author":2,"featured_media":120952,"comment_status":"closed","ping_status":"open","sticky":false,"template":"","format":"standard","meta":{"footnotes":"","_links_to":"","_links_to_target":""},"categories":[1],"tags":[],"class_list":["post-120951","post","type-post","status-publish","format-standard","has-post-thumbnail","hentry","category-geral"],"views":995,"_links":{"self":[{"href":"https:\/\/www.sudoestehoje.com.br\/novoportal\/wp-json\/wp\/v2\/posts\/120951","targetHints":{"allow":["GET"]}}],"collection":[{"href":"https:\/\/www.sudoestehoje.com.br\/novoportal\/wp-json\/wp\/v2\/posts"}],"about":[{"href":"https:\/\/www.sudoestehoje.com.br\/novoportal\/wp-json\/wp\/v2\/types\/post"}],"author":[{"embeddable":true,"href":"https:\/\/www.sudoestehoje.com.br\/novoportal\/wp-json\/wp\/v2\/users\/2"}],"replies":[{"embeddable":true,"href":"https:\/\/www.sudoestehoje.com.br\/novoportal\/wp-json\/wp\/v2\/comments?post=120951"}],"version-history":[{"count":4,"href":"https:\/\/www.sudoestehoje.com.br\/novoportal\/wp-json\/wp\/v2\/posts\/120951\/revisions"}],"predecessor-version":[{"id":120956,"href":"https:\/\/www.sudoestehoje.com.br\/novoportal\/wp-json\/wp\/v2\/posts\/120951\/revisions\/120956"}],"wp:featuredmedia":[{"embeddable":true,"href":"https:\/\/www.sudoestehoje.com.br\/novoportal\/wp-json\/wp\/v2\/media\/120952"}],"wp:attachment":[{"href":"https:\/\/www.sudoestehoje.com.br\/novoportal\/wp-json\/wp\/v2\/media?parent=120951"}],"wp:term":[{"taxonomy":"category","embeddable":true,"href":"https:\/\/www.sudoestehoje.com.br\/novoportal\/wp-json\/wp\/v2\/categories?post=120951"},{"taxonomy":"post_tag","embeddable":true,"href":"https:\/\/www.sudoestehoje.com.br\/novoportal\/wp-json\/wp\/v2\/tags?post=120951"}],"curies":[{"name":"wp","href":"https:\/\/api.w.org\/{rel}","templated":true}]}}