
{"id":120920,"date":"2025-02-28T08:26:58","date_gmt":"2025-02-28T11:26:58","guid":{"rendered":"https:\/\/www.sudoestehoje.com.br\/novoportal\/?p=120920"},"modified":"2025-03-02T18:58:15","modified_gmt":"2025-03-02T21:58:15","slug":"itapetinga-prefeito-eduardo-paga-salario-dos-servidores-antes-do-carnaval","status":"publish","type":"post","link":"https:\/\/www.sudoestehoje.com.br\/novoportal\/2025\/02\/28\/itapetinga-prefeito-eduardo-paga-salario-dos-servidores-antes-do-carnaval\/","title":{"rendered":"ITAPETINGA | PREFEITO EDUARDO PAGA SAL\u00c1RIOS DE TODOS OS SERVIDORES ANTES DO CARNAVAL"},"content":{"rendered":"<p><img loading=\"lazy\" decoding=\"async\" class=\"alignnone wp-image-120921\" src=\"https:\/\/www.sudoestehoje.com.br\/novoportal\/wp-content\/uploads\/2025\/02\/Imagem-do-WhatsApp-de-2025-02-28-as-08.24.11_bc4aaeb0.jpg\" alt=\"\" width=\"562\" height=\"723\" \/><\/p>\n<p><strong>Nesta sexta-feira (28), v\u00e9spera do Carnaval, os sal\u00e1rios de todos os servidores do munic\u00edpio de Itapetinga amanheceram nas respectivas contas, por determina\u00e7\u00e3o do prefeito Eduardo Hage ao secret\u00e1rio de finan\u00e7as, Carlito Ferraz.<\/strong><\/p>\n<p><strong>No decorrer da semana, o SAAE e a Secretaria de Educa\u00e7\u00e3o j\u00e1 haviam antecipado os sal\u00e1rios dos seus servidores, com autoriza\u00e7\u00e3o do pr\u00f3prio prefeito.<\/strong><\/p>\n<p><strong>Com a libera\u00e7\u00e3o salarial dos demais servidores, nesta sexta, Eduardo Hagge cumpre o seu compromisso de manter a folha sempre em dia, fomentando a economia local e garantindo maior seguran\u00e7a financeira ao funcionalismo municipal.<\/strong><\/p>\n<p><strong>Reda\u00e7\u00e3o SH<\/strong><\/p>\n<p><img loading=\"lazy\" decoding=\"async\" class=\"alignnone  wp-image-120800\" src=\"https:\/\/www.sudoestehoje.com.br\/novoportal\/wp-content\/uploads\/2025\/02\/iptu.jpeg\" alt=\"\" width=\"595\" height=\"62\" \/><\/p>\n","protected":false},"excerpt":{"rendered":"<p>Nesta sexta-feira (28), v\u00e9spera do Carnaval, os sal\u00e1rios de todos os servidores do munic\u00edpio de Itapetinga amanheceram nas respectivas contas, por determina\u00e7\u00e3o do prefeito Eduardo Hage ao secret\u00e1rio de finan\u00e7as, Carlito Ferraz. No decorrer da semana, o SAAE e a Secretaria de Educa\u00e7\u00e3o j\u00e1 haviam antecipado os sal\u00e1rios dos seus servidores, com autoriza\u00e7\u00e3o do pr\u00f3prio [&hellip;]<\/p>\n","protected":false},"author":2,"featured_media":120921,"comment_status":"closed","ping_status":"open","sticky":false,"template":"","format":"standard","meta":{"footnotes":"","_links_to":"","_links_to_target":""},"categories":[1],"tags":[],"class_list":["post-120920","post","type-post","status-publish","format-standard","has-post-thumbnail","hentry","category-geral"],"views":697,"_links":{"self":[{"href":"https:\/\/www.sudoestehoje.com.br\/novoportal\/wp-json\/wp\/v2\/posts\/120920","targetHints":{"allow":["GET"]}}],"collection":[{"href":"https:\/\/www.sudoestehoje.com.br\/novoportal\/wp-json\/wp\/v2\/posts"}],"about":[{"href":"https:\/\/www.sudoestehoje.com.br\/novoportal\/wp-json\/wp\/v2\/types\/post"}],"author":[{"embeddable":true,"href":"https:\/\/www.sudoestehoje.com.br\/novoportal\/wp-json\/wp\/v2\/users\/2"}],"replies":[{"embeddable":true,"href":"https:\/\/www.sudoestehoje.com.br\/novoportal\/wp-json\/wp\/v2\/comments?post=120920"}],"version-history":[{"count":6,"href":"https:\/\/www.sudoestehoje.com.br\/novoportal\/wp-json\/wp\/v2\/posts\/120920\/revisions"}],"predecessor-version":[{"id":120931,"href":"https:\/\/www.sudoestehoje.com.br\/novoportal\/wp-json\/wp\/v2\/posts\/120920\/revisions\/120931"}],"wp:featuredmedia":[{"embeddable":true,"href":"https:\/\/www.sudoestehoje.com.br\/novoportal\/wp-json\/wp\/v2\/media\/120921"}],"wp:attachment":[{"href":"https:\/\/www.sudoestehoje.com.br\/novoportal\/wp-json\/wp\/v2\/media?parent=120920"}],"wp:term":[{"taxonomy":"category","embeddable":true,"href":"https:\/\/www.sudoestehoje.com.br\/novoportal\/wp-json\/wp\/v2\/categories?post=120920"},{"taxonomy":"post_tag","embeddable":true,"href":"https:\/\/www.sudoestehoje.com.br\/novoportal\/wp-json\/wp\/v2\/tags?post=120920"}],"curies":[{"name":"wp","href":"https:\/\/api.w.org\/{rel}","templated":true}]}}