
{"id":120897,"date":"2025-02-27T08:00:53","date_gmt":"2025-02-27T11:00:53","guid":{"rendered":"https:\/\/www.sudoestehoje.com.br\/novoportal\/?p=120897"},"modified":"2025-02-26T21:10:07","modified_gmt":"2025-02-27T00:10:07","slug":"esburacada-sem-acostamento-e-sinalizacao-avenida-isai-amorim-e-a-cara-do-perigo","status":"publish","type":"post","link":"https:\/\/www.sudoestehoje.com.br\/novoportal\/2025\/02\/27\/esburacada-sem-acostamento-e-sinalizacao-avenida-isai-amorim-e-a-cara-do-perigo\/","title":{"rendered":"ESBURACADA, SEM ACOSTAMENTO E SINALIZA\u00c7\u00c3O, AVENIDA ISAI AMORIM \u00c9 A CARA DO PERIGO"},"content":{"rendered":"<p><img loading=\"lazy\" decoding=\"async\" class=\"alignnone size-full wp-image-120902\" src=\"https:\/\/www.sudoestehoje.com.br\/novoportal\/wp-content\/uploads\/2025\/02\/WhatsApp-Image-2022-04-07-at-18.10.16-500x225-1.jpeg\" alt=\"\" width=\"500\" height=\"225\" \/><\/p>\n<p><strong>Uma das principais vias de acesso \u00e0 BA-263, em Itapetinga, a Av. Isai Amorim se transformou em uma verdadeira calamidade p\u00fablica, dado ao seu completo abandono pelo governo do estado, respons\u00e1vel pela sua manuten\u00e7\u00e3o e conserva\u00e7\u00e3o.<\/strong><\/p>\n<p><strong>Conhecida como &#8216;estrada da Exposi\u00e7\u00e3o&#8217;, a via \u00e9 antiga e j\u00e1 fez parte da rodovia at\u00e9 1979, quando foi inaugurada a BR-415, posteriormente estadualizada como BA-263, ficando o trecho entre antigo\u00a0 Derba e a Exposi\u00e7\u00e3o , como via de acesso \u00e0 rodovia.<\/strong><\/p>\n<p><strong>H\u00e1 cerca de 5 anos, ainda no governo de Rui Costa, a pista foi recapeada pela Seinfra, mas durou pouco tempo, devido ao p\u00e9ssimo servi\u00e7o executado por uma empreiteira &#8216;meia boca&#8217;, contratada pelo estado. De l\u00e1 para c\u00e1, s\u00f3 tapa-buracos improvisados, que duram, no m\u00e1ximo 15 dias, e olha l\u00e1. <\/strong><\/p>\n<p><strong>Falta acostamento e sinaliza\u00e7\u00e3o vertical e horizontal, o que j\u00e1 causou v\u00e1rios acidentes, inclusive com mortes.<\/strong><\/p>\n<p><strong>Se existe demandas urgentes e priorit\u00e1rias em Itapetinga, a requalifica\u00e7\u00e3o da Avenida Isai Amorim \u00e9 uma delas, com absoluta certeza.<\/strong><\/p>\n<p><strong>Vamos cobrar !<\/strong><\/p>\n<p><strong>Por Davi Ferraz<\/strong><\/p>\n<p><img loading=\"lazy\" decoding=\"async\" class=\"alignnone  wp-image-120818\" src=\"https:\/\/www.sudoestehoje.com.br\/novoportal\/wp-content\/uploads\/2025\/02\/Imagem-do-WhatsApp-de-2025-01-31-as-22.51.59_6328c0be-2.jpg\" alt=\"\" width=\"563\" height=\"84\" \/><\/p>\n","protected":false},"excerpt":{"rendered":"<p>Uma das principais vias de acesso \u00e0 BA-263, em Itapetinga, a Av. Isai Amorim se transformou em uma verdadeira calamidade p\u00fablica, dado ao seu completo abandono pelo governo do estado, respons\u00e1vel pela sua manuten\u00e7\u00e3o e conserva\u00e7\u00e3o. Conhecida como &#8216;estrada da Exposi\u00e7\u00e3o&#8217;, a via \u00e9 antiga e j\u00e1 fez parte da rodovia at\u00e9 1979, quando foi [&hellip;]<\/p>\n","protected":false},"author":2,"featured_media":120902,"comment_status":"closed","ping_status":"open","sticky":false,"template":"","format":"standard","meta":{"footnotes":"","_links_to":"","_links_to_target":""},"categories":[1],"tags":[],"class_list":["post-120897","post","type-post","status-publish","format-standard","has-post-thumbnail","hentry","category-geral"],"views":666,"_links":{"self":[{"href":"https:\/\/www.sudoestehoje.com.br\/novoportal\/wp-json\/wp\/v2\/posts\/120897","targetHints":{"allow":["GET"]}}],"collection":[{"href":"https:\/\/www.sudoestehoje.com.br\/novoportal\/wp-json\/wp\/v2\/posts"}],"about":[{"href":"https:\/\/www.sudoestehoje.com.br\/novoportal\/wp-json\/wp\/v2\/types\/post"}],"author":[{"embeddable":true,"href":"https:\/\/www.sudoestehoje.com.br\/novoportal\/wp-json\/wp\/v2\/users\/2"}],"replies":[{"embeddable":true,"href":"https:\/\/www.sudoestehoje.com.br\/novoportal\/wp-json\/wp\/v2\/comments?post=120897"}],"version-history":[{"count":8,"href":"https:\/\/www.sudoestehoje.com.br\/novoportal\/wp-json\/wp\/v2\/posts\/120897\/revisions"}],"predecessor-version":[{"id":120906,"href":"https:\/\/www.sudoestehoje.com.br\/novoportal\/wp-json\/wp\/v2\/posts\/120897\/revisions\/120906"}],"wp:featuredmedia":[{"embeddable":true,"href":"https:\/\/www.sudoestehoje.com.br\/novoportal\/wp-json\/wp\/v2\/media\/120902"}],"wp:attachment":[{"href":"https:\/\/www.sudoestehoje.com.br\/novoportal\/wp-json\/wp\/v2\/media?parent=120897"}],"wp:term":[{"taxonomy":"category","embeddable":true,"href":"https:\/\/www.sudoestehoje.com.br\/novoportal\/wp-json\/wp\/v2\/categories?post=120897"},{"taxonomy":"post_tag","embeddable":true,"href":"https:\/\/www.sudoestehoje.com.br\/novoportal\/wp-json\/wp\/v2\/tags?post=120897"}],"curies":[{"name":"wp","href":"https:\/\/api.w.org\/{rel}","templated":true}]}}