
{"id":120891,"date":"2025-02-26T11:04:29","date_gmt":"2025-02-26T14:04:29","guid":{"rendered":"https:\/\/www.sudoestehoje.com.br\/novoportal\/?p=120891"},"modified":"2025-02-26T11:04:29","modified_gmt":"2025-02-26T14:04:29","slug":"veja-como-irao-funcionar-os-bancos-no-periodo-do-carnaval-2025","status":"publish","type":"post","link":"https:\/\/www.sudoestehoje.com.br\/novoportal\/2025\/02\/26\/veja-como-irao-funcionar-os-bancos-no-periodo-do-carnaval-2025\/","title":{"rendered":"VEJA COMO IR\u00c3O FUNCIONAR OS BANCOS NO PER\u00cdODO DO CARNAVAL 2025"},"content":{"rendered":"<div id=\"glb-topo\" class=\"glb-topo\" data-header=\"new\" data-clarity-mask=\"true\">\n<header id=\"header-produto\" class=\"header-navegacao header-g1 header-editoria  header-ready sticky\" data-analytics=\"T\" data-clarity-mask=\"true\">\n<div class=\"floating-bar\">\n<div class=\"gui-color-primary-bg header-principal header-navegacao-color\">\n<div class=\"grid-12 header-navegacao-container row\">\n<div class=\"area-principal column\">\n<div class=\"menu-area\">\n<div class=\"menu-button\"><img loading=\"lazy\" decoding=\"async\" class=\"alignnone  wp-image-120894\" src=\"https:\/\/www.sudoestehoje.com.br\/novoportal\/wp-content\/uploads\/2025\/02\/33613727567bc56b412cef.jpg\" alt=\"\" width=\"563\" height=\"347\" \/><\/div>\n<\/div>\n<\/div>\n<\/div>\n<\/div>\n<\/div>\n<\/header>\n<\/div>\n<p><main class=\"mc-body theme\"><\/p>\n<div class=\"mc-article-header\">\n<div id=\"mc-container-top\"><strong>O carnaval de 2025 vai alterar o hor\u00e1rio de funcionamento das ag\u00eancias banc\u00e1rias em todo o pa\u00eds. Segundo a <a class=\"\" href=\"https:\/\/g1.globo.com\/tudo-sobre\/febraban\/\" data-mrf-link=\"https:\/\/g1.globo.com\/tudo-sobre\/febraban\/\">Federa\u00e7\u00e3o Brasileira de Bancos<\/a>\u00a0(Febraban),\u00a0<span class=\"highlight highlighted\">n\u00e3o haver\u00e1 atendimento presencial nos bancos na segunda (3) e ter\u00e7a-feira (4).<\/span><\/strong><\/div>\n<\/div>\n<div class=\"mc-article-body\">\n<article>\n<div class=\"wall protected-content\">\n<div id=\"chunk-74j3r\">\n<div class=\"mc-column content-text active-extra-styles \" data-block-type=\"unstyled\" data-block-weight=\"19\" data-block-id=\"5\">\n<p class=\" content-text__container \" data-track-category=\"Link no Texto\" data-track-links=\"\" data-mrf-recirculation=\"Mat\u00e9ria - Links no Texto\"><strong>As compensa\u00e7\u00f5es banc\u00e1rias tamb\u00e9m\u00a0n\u00e3o ser\u00e3o efetivadas\u00a0nessas datas, incluindo a TED. J\u00e1 o PIX vai continuar funcionando normalmente.<\/strong><\/p>\n<\/div>\n<\/div>\n<div id=\"chunk-eks4j\">\n<div class=\"mc-column content-text active-extra-styles \" data-block-type=\"unstyled\" data-block-weight=\"29\" data-block-id=\"6\">\n<p class=\" content-text__container \" data-track-category=\"Link no Texto\" data-track-links=\"\" data-mrf-recirculation=\"Mat\u00e9ria - Links no Texto\"><strong>O atendimento ser\u00e1 retomado na quarta-feira de Cinzas, dia 5, a partir das 12h, no hor\u00e1rio de\u00a0<a class=\"\" href=\"https:\/\/g1.globo.com\/df\/distrito-federal\/cidade\/brasilia\/\" data-mrf-link=\"https:\/\/g1.globo.com\/df\/distrito-federal\/cidade\/brasilia\/\">Bras\u00edlia (DF)<\/a>, com encerramento no hor\u00e1rio normal de fechamento das ag\u00eancias.<\/strong><\/p>\n<\/div>\n<\/div>\n<\/div>\n<\/article>\n<\/div>\n<p><\/main><\/p>\n","protected":false},"excerpt":{"rendered":"<p>O carnaval de 2025 vai alterar o hor\u00e1rio de funcionamento das ag\u00eancias banc\u00e1rias em todo o pa\u00eds. Segundo a Federa\u00e7\u00e3o Brasileira de Bancos\u00a0(Febraban),\u00a0n\u00e3o haver\u00e1 atendimento presencial nos bancos na segunda (3) e ter\u00e7a-feira (4). As compensa\u00e7\u00f5es banc\u00e1rias tamb\u00e9m\u00a0n\u00e3o ser\u00e3o efetivadas\u00a0nessas datas, incluindo a TED. J\u00e1 o PIX vai continuar funcionando normalmente. O atendimento ser\u00e1 retomado [&hellip;]<\/p>\n","protected":false},"author":2,"featured_media":120894,"comment_status":"closed","ping_status":"open","sticky":false,"template":"","format":"standard","meta":{"footnotes":"","_links_to":"","_links_to_target":""},"categories":[1],"tags":[],"class_list":["post-120891","post","type-post","status-publish","format-standard","has-post-thumbnail","hentry","category-geral"],"views":736,"_links":{"self":[{"href":"https:\/\/www.sudoestehoje.com.br\/novoportal\/wp-json\/wp\/v2\/posts\/120891","targetHints":{"allow":["GET"]}}],"collection":[{"href":"https:\/\/www.sudoestehoje.com.br\/novoportal\/wp-json\/wp\/v2\/posts"}],"about":[{"href":"https:\/\/www.sudoestehoje.com.br\/novoportal\/wp-json\/wp\/v2\/types\/post"}],"author":[{"embeddable":true,"href":"https:\/\/www.sudoestehoje.com.br\/novoportal\/wp-json\/wp\/v2\/users\/2"}],"replies":[{"embeddable":true,"href":"https:\/\/www.sudoestehoje.com.br\/novoportal\/wp-json\/wp\/v2\/comments?post=120891"}],"version-history":[{"count":4,"href":"https:\/\/www.sudoestehoje.com.br\/novoportal\/wp-json\/wp\/v2\/posts\/120891\/revisions"}],"predecessor-version":[{"id":120896,"href":"https:\/\/www.sudoestehoje.com.br\/novoportal\/wp-json\/wp\/v2\/posts\/120891\/revisions\/120896"}],"wp:featuredmedia":[{"embeddable":true,"href":"https:\/\/www.sudoestehoje.com.br\/novoportal\/wp-json\/wp\/v2\/media\/120894"}],"wp:attachment":[{"href":"https:\/\/www.sudoestehoje.com.br\/novoportal\/wp-json\/wp\/v2\/media?parent=120891"}],"wp:term":[{"taxonomy":"category","embeddable":true,"href":"https:\/\/www.sudoestehoje.com.br\/novoportal\/wp-json\/wp\/v2\/categories?post=120891"},{"taxonomy":"post_tag","embeddable":true,"href":"https:\/\/www.sudoestehoje.com.br\/novoportal\/wp-json\/wp\/v2\/tags?post=120891"}],"curies":[{"name":"wp","href":"https:\/\/api.w.org\/{rel}","templated":true}]}}