
{"id":120858,"date":"2025-02-25T21:02:23","date_gmt":"2025-02-26T00:02:23","guid":{"rendered":"https:\/\/www.sudoestehoje.com.br\/novoportal\/?p=120858"},"modified":"2025-02-25T21:06:50","modified_gmt":"2025-02-26T00:06:50","slug":"prefeito-eduardo-engajado-em-campanha-em-prol-da-crianca-e-adolescente","status":"publish","type":"post","link":"https:\/\/www.sudoestehoje.com.br\/novoportal\/2025\/02\/25\/prefeito-eduardo-engajado-em-campanha-em-prol-da-crianca-e-adolescente\/","title":{"rendered":"PREFEITO EDUARDO ENGAJADO EM CAMPANHA EM PROL DA CRIAN\u00c7A E ADOLESCENTE"},"content":{"rendered":"<p><img loading=\"lazy\" decoding=\"async\" class=\"alignnone wp-image-120863\" src=\"https:\/\/www.sudoestehoje.com.br\/novoportal\/wp-content\/uploads\/2025\/02\/WhatsApp-Image-2025-02-25-at-16.51.31-6-640x427-1.jpeg\" alt=\"\" width=\"559\" height=\"373\" \/><\/p>\n<p><strong>Na manh\u00e3 desta ter\u00e7a-feira, 25, reuniram-se no Minist\u00e9rio P\u00fablico, para o lan\u00e7amento da campanha Le\u00e3o Amigo da Crian\u00e7a e do Adolescente, al\u00e9m dos representantes do poder judici\u00e1rio, o Conselho Municipal de Defesa da Crian\u00e7a e do Adolescente, a secret\u00e1ria de Desenvolvimento Social, Zez\u00e9 Hagge, o prefeito Eduardo Hagge e contabilistas de Itapetinga e regi\u00e3o.<\/strong><\/p>\n<p><strong>A Campanha tem como principal objetivo mobilizar contribuintes (pessoas f\u00edsicas ou jur\u00eddicas) a destinarem parte do seu imposto de renda para o financiamento de projetos e programas locais de amparo a crian\u00e7as, adolescentes ou idosos.<\/strong><\/p>\n<p><strong>Ap\u00f3s a regulariza\u00e7\u00e3o do Fundo da Inf\u00e2ncia e Adolesc\u00eancia, junto \u00e0 Receita Federal, o \u00f3rg\u00e3o ficou apto a arrecadar recursos e transferi-los para \u00f3rg\u00e3os do munic\u00edpio. Quatro institui\u00e7\u00f5es j\u00e1 est\u00e3o cadastradas pelo conselho: Apae, Ipam, Associa\u00e7\u00e3o Nossa Senhora das Dores e Equoterapia Manuela. No ano passado, elas j\u00e1 foram beneficiadas com a campanha e j\u00e1 receberam o repasse dos valores.<\/strong><\/p>\n<p><img loading=\"lazy\" decoding=\"async\" class=\"alignnone wp-image-120864\" src=\"https:\/\/www.sudoestehoje.com.br\/novoportal\/wp-content\/uploads\/2025\/02\/WhatsApp-Image-2025-02-25-at-16.51.31-8-640x427-1.jpeg\" alt=\"\" width=\"556\" height=\"371\" \/><\/p>\n<p><strong>De acordo com o presidente do Conselho Municipal de Defesa da Crian\u00e7a e do Adolescente, Washington Maciel, para contribuir \u00e9 muito f\u00e1cil. Os contabilistas j\u00e1 est\u00e3o instru\u00eddos, o sistema j\u00e1 indica as op\u00e7\u00f5es de valores e entidades beneficiadas. Ent\u00e3o, ao fazerem a declara\u00e7\u00e3o completa, basta dizer do interesse de fazer a destina\u00e7\u00e3o e escolher para onde o valor ser\u00e1 destinado. \u201cLembrando que \u00e9 destina\u00e7\u00e3o e n\u00e3o doa\u00e7\u00e3o. N\u00e3o haver\u00e1 acr\u00e9scimo nenhum no pagamento. O valor destinado ser\u00e1 restitu\u00eddo pelo governo federal integralmente\u201d, explicou Washington.<\/strong><\/p>\n<p><strong>Presente na reuni\u00e3o, a secret\u00e1ria de Desenvolvimento Social, Zez\u00e9 Hagge, falou da import\u00e2ncia da campanha e conclamou a todos a se unirem em benef\u00edcio das nossas crian\u00e7as e adolescentes. \u201cVamos juntos, em uma s\u00f3 voz, buscar cuidar dessas crian\u00e7as para que os projetos cheguem at\u00e9 elas, para que elas tenham um futuro lindo, um futuro promissor, um futuro digno, principalmente para aquelas crian\u00e7as em estado de vulnerabilidade social\u201d, disse a secret\u00e1ria.<\/strong><\/p>\n<p><strong>Durante a reuni\u00e3o, o prefeito Eduardo Hagge colocou todo o equipamento p\u00fablico municipal a disposi\u00e7\u00e3o da campanha, reafirmando o compromisso e o cuidado com o povo. \u201cUma cidade que se preocupa com a crian\u00e7a e o adolescente certamente ter\u00e1 um futuro mais promissor e \u00e9 nisso que acreditamos\u201d, garantiu o prefeito. \/\/<em>Ascom PMI<\/em><\/strong><\/p>\n\n\t\t<style type=\"text\/css\">\n\t\t\t#gallery-1 {\n\t\t\t\tmargin: auto;\n\t\t\t}\n\t\t\t#gallery-1 .gallery-item {\n\t\t\t\tfloat: left;\n\t\t\t\tmargin-top: 10px;\n\t\t\t\ttext-align: center;\n\t\t\t\twidth: 33%;\n\t\t\t}\n\t\t\t#gallery-1 img {\n\t\t\t\tborder: 2px solid #cfcfcf;\n\t\t\t}\n\t\t\t#gallery-1 .gallery-caption {\n\t\t\t\tmargin-left: 0;\n\t\t\t}\n\t\t\t\/* see gallery_shortcode() in wp-includes\/media.php *\/\n\t\t<\/style>\n\t\t<div id='gallery-1' class='gallery galleryid-120858 gallery-columns-3 gallery-size-thumbnail'><dl class='gallery-item'>\n\t\t\t<dt class='gallery-icon landscape'>\n\t\t\t\t<a href='https:\/\/www.sudoestehoje.com.br\/novoportal\/2025\/02\/25\/prefeito-eduardo-engajado-em-campanha-em-prol-da-crianca-e-adolescente\/whatsapp-image-2025-02-25-at-16-51-31-1024x684\/'><img loading=\"lazy\" decoding=\"async\" width=\"150\" height=\"100\" src=\"https:\/\/www.sudoestehoje.com.br\/novoportal\/wp-content\/uploads\/2025\/02\/WhatsApp-Image-2025-02-25-at-16.51.31-1024x684-1.jpeg\" class=\"attachment-thumbnail size-thumbnail\" alt=\"\" \/><\/a>\n\t\t\t<\/dt><\/dl><dl class='gallery-item'>\n\t\t\t<dt class='gallery-icon landscape'>\n\t\t\t\t<a href='https:\/\/www.sudoestehoje.com.br\/novoportal\/2025\/02\/25\/prefeito-eduardo-engajado-em-campanha-em-prol-da-crianca-e-adolescente\/whatsapp-image-2025-02-25-at-16-51-31-2-640x427\/'><img loading=\"lazy\" decoding=\"async\" width=\"150\" height=\"100\" src=\"https:\/\/www.sudoestehoje.com.br\/novoportal\/wp-content\/uploads\/2025\/02\/WhatsApp-Image-2025-02-25-at-16.51.31-2-640x427-1.jpeg\" class=\"attachment-thumbnail size-thumbnail\" alt=\"\" \/><\/a>\n\t\t\t<\/dt><\/dl><dl class='gallery-item'>\n\t\t\t<dt class='gallery-icon landscape'>\n\t\t\t\t<a href='https:\/\/www.sudoestehoje.com.br\/novoportal\/2025\/02\/25\/prefeito-eduardo-engajado-em-campanha-em-prol-da-crianca-e-adolescente\/whatsapp-image-2025-02-25-at-16-51-31-3-640x427\/'><img loading=\"lazy\" decoding=\"async\" width=\"150\" height=\"100\" src=\"https:\/\/www.sudoestehoje.com.br\/novoportal\/wp-content\/uploads\/2025\/02\/WhatsApp-Image-2025-02-25-at-16.51.31-3-640x427-1.jpeg\" class=\"attachment-thumbnail size-thumbnail\" alt=\"\" \/><\/a>\n\t\t\t<\/dt><\/dl><br style=\"clear: both\" \/>\n\t\t<\/div>\n\n","protected":false},"excerpt":{"rendered":"<p>Na manh\u00e3 desta ter\u00e7a-feira, 25, reuniram-se no Minist\u00e9rio P\u00fablico, para o lan\u00e7amento da campanha Le\u00e3o Amigo da Crian\u00e7a e do Adolescente, al\u00e9m dos representantes do poder judici\u00e1rio, o Conselho Municipal de Defesa da Crian\u00e7a e do Adolescente, a secret\u00e1ria de Desenvolvimento Social, Zez\u00e9 Hagge, o prefeito Eduardo Hagge e contabilistas de Itapetinga e regi\u00e3o. A [&hellip;]<\/p>\n","protected":false},"author":2,"featured_media":120863,"comment_status":"closed","ping_status":"open","sticky":false,"template":"","format":"standard","meta":{"footnotes":"","_links_to":"","_links_to_target":""},"categories":[1],"tags":[],"class_list":["post-120858","post","type-post","status-publish","format-standard","has-post-thumbnail","hentry","category-geral"],"views":662,"_links":{"self":[{"href":"https:\/\/www.sudoestehoje.com.br\/novoportal\/wp-json\/wp\/v2\/posts\/120858","targetHints":{"allow":["GET"]}}],"collection":[{"href":"https:\/\/www.sudoestehoje.com.br\/novoportal\/wp-json\/wp\/v2\/posts"}],"about":[{"href":"https:\/\/www.sudoestehoje.com.br\/novoportal\/wp-json\/wp\/v2\/types\/post"}],"author":[{"embeddable":true,"href":"https:\/\/www.sudoestehoje.com.br\/novoportal\/wp-json\/wp\/v2\/users\/2"}],"replies":[{"embeddable":true,"href":"https:\/\/www.sudoestehoje.com.br\/novoportal\/wp-json\/wp\/v2\/comments?post=120858"}],"version-history":[{"count":4,"href":"https:\/\/www.sudoestehoje.com.br\/novoportal\/wp-json\/wp\/v2\/posts\/120858\/revisions"}],"predecessor-version":[{"id":120867,"href":"https:\/\/www.sudoestehoje.com.br\/novoportal\/wp-json\/wp\/v2\/posts\/120858\/revisions\/120867"}],"wp:featuredmedia":[{"embeddable":true,"href":"https:\/\/www.sudoestehoje.com.br\/novoportal\/wp-json\/wp\/v2\/media\/120863"}],"wp:attachment":[{"href":"https:\/\/www.sudoestehoje.com.br\/novoportal\/wp-json\/wp\/v2\/media?parent=120858"}],"wp:term":[{"taxonomy":"category","embeddable":true,"href":"https:\/\/www.sudoestehoje.com.br\/novoportal\/wp-json\/wp\/v2\/categories?post=120858"},{"taxonomy":"post_tag","embeddable":true,"href":"https:\/\/www.sudoestehoje.com.br\/novoportal\/wp-json\/wp\/v2\/tags?post=120858"}],"curies":[{"name":"wp","href":"https:\/\/api.w.org\/{rel}","templated":true}]}}