
{"id":120854,"date":"2025-02-25T20:17:32","date_gmt":"2025-02-25T23:17:32","guid":{"rendered":"https:\/\/www.sudoestehoje.com.br\/novoportal\/?p=120854"},"modified":"2025-02-25T20:17:32","modified_gmt":"2025-02-25T23:17:32","slug":"pesquisa-cnt-avaliacao-negativa-do-governo-lula-aumenta-na-regiao-nordeste","status":"publish","type":"post","link":"https:\/\/www.sudoestehoje.com.br\/novoportal\/2025\/02\/25\/pesquisa-cnt-avaliacao-negativa-do-governo-lula-aumenta-na-regiao-nordeste\/","title":{"rendered":"PESQUISA CNT | AVALIA\u00c7\u00c3O NEGATIVA DO GOVERNO LULA AUMENTA NA REGI\u00c3O NORDESTE"},"content":{"rendered":"<p><img loading=\"lazy\" decoding=\"async\" class=\"alignnone  wp-image-120856\" src=\"https:\/\/www.sudoestehoje.com.br\/novoportal\/wp-content\/uploads\/2025\/02\/WhatsApp-Image-2025-02-25-at-18.16.49.jpeg\" alt=\"\" width=\"559\" height=\"335\" \/><\/p>\n<p><strong>A pesquisa CNT, divulgada nesta ter\u00e7a-feira (25), revelou que as avalia\u00e7\u00f5es negativas do governo do presidente Luiz In\u00e1cio Lula da Silva dobraram no Nordeste ao longo de quase um ano. <\/strong><\/p>\n<p><strong>Esta regi\u00e3o, tradicionalmente considerada um reduto do PT, foi respons\u00e1vel pela elei\u00e7\u00e3o de governadores do partido em estados como Piau\u00ed, Bahia, Cear\u00e1 e Rio Grande do Norte nos \u00faltimos anos.<\/strong><\/p>\n<p><strong>O aumento da percep\u00e7\u00e3o negativa sobre o governo Lula foi mais acentuado entre as camadas mais pobres e a classe m\u00e9dia. Entre as pessoas que ganham at\u00e9 dois sal\u00e1rios m\u00ednimos, 24% classificavam o governo como ruim ou p\u00e9ssimo em novembro de 2024, e agora esse n\u00famero subiu para 35%.<\/strong><\/p>\n<p><strong> J\u00e1 entre aqueles que recebem de dois a cinco sal\u00e1rios m\u00ednimos, a avalia\u00e7\u00e3o negativa passou de 33% no final do ano passado para 49% atualmente.<\/strong><\/p>\n","protected":false},"excerpt":{"rendered":"<p>A pesquisa CNT, divulgada nesta ter\u00e7a-feira (25), revelou que as avalia\u00e7\u00f5es negativas do governo do presidente Luiz In\u00e1cio Lula da Silva dobraram no Nordeste ao longo de quase um ano. Esta regi\u00e3o, tradicionalmente considerada um reduto do PT, foi respons\u00e1vel pela elei\u00e7\u00e3o de governadores do partido em estados como Piau\u00ed, Bahia, Cear\u00e1 e Rio Grande [&hellip;]<\/p>\n","protected":false},"author":2,"featured_media":120856,"comment_status":"closed","ping_status":"open","sticky":false,"template":"","format":"standard","meta":{"footnotes":"","_links_to":"","_links_to_target":""},"categories":[1],"tags":[],"class_list":["post-120854","post","type-post","status-publish","format-standard","has-post-thumbnail","hentry","category-geral"],"views":704,"_links":{"self":[{"href":"https:\/\/www.sudoestehoje.com.br\/novoportal\/wp-json\/wp\/v2\/posts\/120854","targetHints":{"allow":["GET"]}}],"collection":[{"href":"https:\/\/www.sudoestehoje.com.br\/novoportal\/wp-json\/wp\/v2\/posts"}],"about":[{"href":"https:\/\/www.sudoestehoje.com.br\/novoportal\/wp-json\/wp\/v2\/types\/post"}],"author":[{"embeddable":true,"href":"https:\/\/www.sudoestehoje.com.br\/novoportal\/wp-json\/wp\/v2\/users\/2"}],"replies":[{"embeddable":true,"href":"https:\/\/www.sudoestehoje.com.br\/novoportal\/wp-json\/wp\/v2\/comments?post=120854"}],"version-history":[{"count":2,"href":"https:\/\/www.sudoestehoje.com.br\/novoportal\/wp-json\/wp\/v2\/posts\/120854\/revisions"}],"predecessor-version":[{"id":120857,"href":"https:\/\/www.sudoestehoje.com.br\/novoportal\/wp-json\/wp\/v2\/posts\/120854\/revisions\/120857"}],"wp:featuredmedia":[{"embeddable":true,"href":"https:\/\/www.sudoestehoje.com.br\/novoportal\/wp-json\/wp\/v2\/media\/120856"}],"wp:attachment":[{"href":"https:\/\/www.sudoestehoje.com.br\/novoportal\/wp-json\/wp\/v2\/media?parent=120854"}],"wp:term":[{"taxonomy":"category","embeddable":true,"href":"https:\/\/www.sudoestehoje.com.br\/novoportal\/wp-json\/wp\/v2\/categories?post=120854"},{"taxonomy":"post_tag","embeddable":true,"href":"https:\/\/www.sudoestehoje.com.br\/novoportal\/wp-json\/wp\/v2\/tags?post=120854"}],"curies":[{"name":"wp","href":"https:\/\/api.w.org\/{rel}","templated":true}]}}