
{"id":120820,"date":"2025-02-21T10:18:47","date_gmt":"2025-02-21T13:18:47","guid":{"rendered":"https:\/\/www.sudoestehoje.com.br\/novoportal\/?p=120820"},"modified":"2025-02-21T10:29:07","modified_gmt":"2025-02-21T13:29:07","slug":"eduardo-hagge-supera-dificuldades-iniciais-e-governo-comeca-a-deslanchar","status":"publish","type":"post","link":"https:\/\/www.sudoestehoje.com.br\/novoportal\/2025\/02\/21\/eduardo-hagge-supera-dificuldades-iniciais-e-governo-comeca-a-deslanchar\/","title":{"rendered":"EDUARDO HAGGE SUPERA DIFICULDADES INICIAIS E GOVERNO COME\u00c7A A DESLANCHAR"},"content":{"rendered":"<p><img loading=\"lazy\" decoding=\"async\" class=\"alignnone wp-image-120824\" src=\"https:\/\/www.sudoestehoje.com.br\/novoportal\/wp-content\/uploads\/2025\/02\/Imagem-do-WhatsApp-de-2025-02-21-as-10.03.08_98689c99.jpg\" alt=\"\" width=\"559\" height=\"315\" \/><\/p>\n<p><strong>Depois de superar as dificuldades naturais de in\u00edcio de mandato,\u00a0 a gest\u00e3o do prefeito Eduardo Hagge, em Itapetinga, come\u00e7a a deslanchar, o que vem agradando a popula\u00e7\u00e3o do munic\u00edpio.<\/strong><\/p>\n<p><strong>De acordo com o novo gestor municipal, janeiro e fevereiro serviram para &#8220;tomar p\u00e9&#8221; da situa\u00e7\u00e3o financeira da prefeitura e montagem da equipe de governo, sem, entretanto, descuidar da cidade, mantendo em pleno funcionamento todos os servi\u00e7os essenciais prestados pelo governo municipal.<\/strong><\/p>\n<p><strong><em>&#8220;Os primeiros dias foram de muita apreens\u00e3o e incertezas, mas aos poucos acertamos os passos e tomamos as r\u00e9deas da administra\u00e7\u00e3o, com alguns avan\u00e7os importantes na \u00e1rea de infraestrutura, sa\u00fade e educa\u00e7\u00e3o, atrav\u00e9s da implanta\u00e7\u00e3o de uma nova filosofia de governo&#8221;<\/em>, destacou Eduardo ao <span style=\"color: #0000ff;\">Sudoeste Hoje.<\/span><\/strong><\/p>\n<p><strong><em>&#8220;Neste per\u00edodo, reunimos diversas vezes com nossa equipe de governo e com setores da sociedade organizada, para ouvir sugest\u00f5es e at\u00e9 reclama\u00e7\u00f5es, o que tem contribu\u00eddo para o planejamento de futuras a\u00e7\u00f5es e modifica\u00e7\u00f5es que dever\u00e3o ser implantadas no munic\u00edpio, a partir deste ano&#8221;<\/em>, continuou Eduardo.<\/strong><\/p>\n<p><strong>CAPTA\u00c7\u00c3O DE RECURSOS<\/strong><\/p>\n<p><strong>Ciente de que os recursos municipais s\u00e3o insuficientes para atender todas as demandas do munic\u00edpio, Eduardo determinou \u00e0 sua equipe de planejamento a cria\u00e7\u00e3o de uma ag\u00eancia especializada para capta\u00e7\u00e3o de recursos federais e estaduais, via emendas parlamentares e programas governamentais.<\/strong><\/p>\n<p><strong><em>&#8220;Existem diversos programas em \u00f3rg\u00e3os do governo federal e estadual, voltados para atender algumas necessidades dos munic\u00edpios, que muitas vezes ignoramos e passamos batidos.\u00a0 Precisamos prospectar para detectar esses programas e buscar parcerias para o nosso munic\u00edpio. O nosso projeto \u00e9 buscar esses recursos, atrav\u00e9s dessa nova ag\u00eancia que iremos criar&#8221;<\/em>, finalizou Eduardo.<\/strong><\/p>\n<p><strong>S\u00e9rio, competente e determinado, Eduardo Hagge conta com todo o apoio da popula\u00e7\u00e3o para promover as modifica\u00e7\u00f5es necess\u00e1rias ao aperfei\u00e7oamento da m\u00e1quina administrativa e realizar uma excelente gest\u00e3o.<\/strong><\/p>\n<p><strong>Por Davi Ferraz<\/strong><\/p>\n","protected":false},"excerpt":{"rendered":"<p>Depois de superar as dificuldades naturais de in\u00edcio de mandato,\u00a0 a gest\u00e3o do prefeito Eduardo Hagge, em Itapetinga, come\u00e7a a deslanchar, o que vem agradando a popula\u00e7\u00e3o do munic\u00edpio. De acordo com o novo gestor municipal, janeiro e fevereiro serviram para &#8220;tomar p\u00e9&#8221; da situa\u00e7\u00e3o financeira da prefeitura e montagem da equipe de governo, sem, [&hellip;]<\/p>\n","protected":false},"author":2,"featured_media":120824,"comment_status":"closed","ping_status":"open","sticky":false,"template":"","format":"standard","meta":{"footnotes":"","_links_to":"","_links_to_target":""},"categories":[1],"tags":[],"class_list":["post-120820","post","type-post","status-publish","format-standard","has-post-thumbnail","hentry","category-geral"],"views":1061,"_links":{"self":[{"href":"https:\/\/www.sudoestehoje.com.br\/novoportal\/wp-json\/wp\/v2\/posts\/120820","targetHints":{"allow":["GET"]}}],"collection":[{"href":"https:\/\/www.sudoestehoje.com.br\/novoportal\/wp-json\/wp\/v2\/posts"}],"about":[{"href":"https:\/\/www.sudoestehoje.com.br\/novoportal\/wp-json\/wp\/v2\/types\/post"}],"author":[{"embeddable":true,"href":"https:\/\/www.sudoestehoje.com.br\/novoportal\/wp-json\/wp\/v2\/users\/2"}],"replies":[{"embeddable":true,"href":"https:\/\/www.sudoestehoje.com.br\/novoportal\/wp-json\/wp\/v2\/comments?post=120820"}],"version-history":[{"count":6,"href":"https:\/\/www.sudoestehoje.com.br\/novoportal\/wp-json\/wp\/v2\/posts\/120820\/revisions"}],"predecessor-version":[{"id":120827,"href":"https:\/\/www.sudoestehoje.com.br\/novoportal\/wp-json\/wp\/v2\/posts\/120820\/revisions\/120827"}],"wp:featuredmedia":[{"embeddable":true,"href":"https:\/\/www.sudoestehoje.com.br\/novoportal\/wp-json\/wp\/v2\/media\/120824"}],"wp:attachment":[{"href":"https:\/\/www.sudoestehoje.com.br\/novoportal\/wp-json\/wp\/v2\/media?parent=120820"}],"wp:term":[{"taxonomy":"category","embeddable":true,"href":"https:\/\/www.sudoestehoje.com.br\/novoportal\/wp-json\/wp\/v2\/categories?post=120820"},{"taxonomy":"post_tag","embeddable":true,"href":"https:\/\/www.sudoestehoje.com.br\/novoportal\/wp-json\/wp\/v2\/tags?post=120820"}],"curies":[{"name":"wp","href":"https:\/\/api.w.org\/{rel}","templated":true}]}}