
{"id":120804,"date":"2025-02-20T09:17:40","date_gmt":"2025-02-20T12:17:40","guid":{"rendered":"https:\/\/www.sudoestehoje.com.br\/novoportal\/?p=120804"},"modified":"2025-02-20T09:17:40","modified_gmt":"2025-02-20T12:17:40","slug":"urgente-guarda-suica-do-vaticano-ja-se-prepara-para-eventual-morte-do-papa","status":"publish","type":"post","link":"https:\/\/www.sudoestehoje.com.br\/novoportal\/2025\/02\/20\/urgente-guarda-suica-do-vaticano-ja-se-prepara-para-eventual-morte-do-papa\/","title":{"rendered":"URGENTE | GUARDA SUI\u00c7A DO VATICANO J\u00c1 SE PREPARA PARA EVENTUAL MORTE DO PAPA"},"content":{"rendered":"<p><img loading=\"lazy\" decoding=\"async\" class=\"alignnone  wp-image-120806\" src=\"https:\/\/www.sudoestehoje.com.br\/novoportal\/wp-content\/uploads\/2025\/02\/Imagem-do-WhatsApp-de-2025-02-20-as-08.58.38_d6f85855.jpg\" alt=\"\" width=\"560\" height=\"413\" \/><\/p>\n<p><strong>Segundo o jornal su\u00ed\u00e7o Blick, o funeral do papa est\u00e1 supostamente sendo ensaiado depois que o pont\u00edfice, de 88 anos, foi diagnosticado com pneumonia bilateral e seu quadro \u00e9 considerado muito complexo.<\/strong><\/p>\n<p><strong>Segundo um relat\u00f3rio do jornal Pol\u00edtico, o pr\u00f3prio Francisco alegou a pessoas pr\u00f3ximas que &#8220;pode n\u00e3o sobreviver desta vez&#8221;.<\/strong><\/p>\n<p><strong>O Vaticano cancelou todos os compromissos do Papa pelas pr\u00f3ximas semanas, enquanto a pneumonia tamb\u00e9m envolve bronquite asm\u00e1tica, que requer o uso de tratamento com antibi\u00f3ticos com cortisona.<\/strong><\/p>\n<p><strong>A equipe m\u00e9dica do Hospital Gemelli disse que o pontifice est\u00e1 sofrendo de uma infec\u00e7\u00e3o polimicrobiana do trato respirat\u00f3rio, o que significa que uma mistura de v\u00edrus, bact\u00e9rias e possivelmente outros organismos &#8220;colonizou&#8221; seu pulm\u00e3o e levou a pneumonia dupla. A infec\u00e7\u00e3o \u00e9 particularmente preocupante porque o Papa teve parte de seu pulm\u00e3o removido h\u00e1 muitos anos.<\/strong><\/p>\n<p><strong>Por esse motivo, a Guarda Su\u00ed\u00e7a, que protege o Papa, estaria ensaiando seu funeral, com membros sob toque de recolher, pois est\u00e3o &#8220;se preparando para o an\u00fancio da morte do pont\u00edfice&#8221;, segundo o Blick.<\/strong><\/p>\n<p><strong>O Papa revelou anteriormente que &#8220;j\u00e1 havia preparado&#8221; seu t\u00famulo, mas ele n\u00e3o ser\u00e1 enterrado com a maioria de seus antecessores nas grutas sob a Bas\u00edlica de S\u00e3o Pedro, no Vaticano. Desde que a bas\u00edlica foi conclu\u00edda, 24 dos 31 papas foram enterrados l\u00e1.<\/strong><\/p>\n<p><strong>Ainda no final de 2023, o Papa revelou que havia preparado seu t\u00famulo na bas\u00edlica de Santa Maria Maggiore, no bairro de Esquilino, em Roma, quebrando a tradi\u00e7\u00e3o do papado.<\/strong><\/p>\n<p><strong>A igreja \u00e9 uma das quatro principais bas\u00edlicas papais. Sete papas, de Hon\u00f3rio III em 1216 a Clemente IX em 1669, foram enterrados l\u00e1.<\/strong><\/p>\n<p><strong>Em mais uma ruptura com a tradi\u00e7\u00e3o, novos ritos divulgados no ano passado disseram que Francisco ser\u00e1 sepultado em um \u00fanico caix\u00e3o de madeira revestido de zinco.<\/strong><\/p>\n","protected":false},"excerpt":{"rendered":"<p>Segundo o jornal su\u00ed\u00e7o Blick, o funeral do papa est\u00e1 supostamente sendo ensaiado depois que o pont\u00edfice, de 88 anos, foi diagnosticado com pneumonia bilateral e seu quadro \u00e9 considerado muito complexo. Segundo um relat\u00f3rio do jornal Pol\u00edtico, o pr\u00f3prio Francisco alegou a pessoas pr\u00f3ximas que &#8220;pode n\u00e3o sobreviver desta vez&#8221;. O Vaticano cancelou todos [&hellip;]<\/p>\n","protected":false},"author":2,"featured_media":120806,"comment_status":"closed","ping_status":"open","sticky":false,"template":"","format":"standard","meta":{"footnotes":"","_links_to":"","_links_to_target":""},"categories":[1],"tags":[],"class_list":["post-120804","post","type-post","status-publish","format-standard","has-post-thumbnail","hentry","category-geral"],"views":1104,"_links":{"self":[{"href":"https:\/\/www.sudoestehoje.com.br\/novoportal\/wp-json\/wp\/v2\/posts\/120804","targetHints":{"allow":["GET"]}}],"collection":[{"href":"https:\/\/www.sudoestehoje.com.br\/novoportal\/wp-json\/wp\/v2\/posts"}],"about":[{"href":"https:\/\/www.sudoestehoje.com.br\/novoportal\/wp-json\/wp\/v2\/types\/post"}],"author":[{"embeddable":true,"href":"https:\/\/www.sudoestehoje.com.br\/novoportal\/wp-json\/wp\/v2\/users\/2"}],"replies":[{"embeddable":true,"href":"https:\/\/www.sudoestehoje.com.br\/novoportal\/wp-json\/wp\/v2\/comments?post=120804"}],"version-history":[{"count":2,"href":"https:\/\/www.sudoestehoje.com.br\/novoportal\/wp-json\/wp\/v2\/posts\/120804\/revisions"}],"predecessor-version":[{"id":120807,"href":"https:\/\/www.sudoestehoje.com.br\/novoportal\/wp-json\/wp\/v2\/posts\/120804\/revisions\/120807"}],"wp:featuredmedia":[{"embeddable":true,"href":"https:\/\/www.sudoestehoje.com.br\/novoportal\/wp-json\/wp\/v2\/media\/120806"}],"wp:attachment":[{"href":"https:\/\/www.sudoestehoje.com.br\/novoportal\/wp-json\/wp\/v2\/media?parent=120804"}],"wp:term":[{"taxonomy":"category","embeddable":true,"href":"https:\/\/www.sudoestehoje.com.br\/novoportal\/wp-json\/wp\/v2\/categories?post=120804"},{"taxonomy":"post_tag","embeddable":true,"href":"https:\/\/www.sudoestehoje.com.br\/novoportal\/wp-json\/wp\/v2\/tags?post=120804"}],"curies":[{"name":"wp","href":"https:\/\/api.w.org\/{rel}","templated":true}]}}