
{"id":120777,"date":"2025-02-18T19:51:24","date_gmt":"2025-02-18T22:51:24","guid":{"rendered":"https:\/\/www.sudoestehoje.com.br\/novoportal\/?p=120777"},"modified":"2025-02-18T19:51:24","modified_gmt":"2025-02-18T22:51:24","slug":"cdl-informa-comercio-de-itapetinga-fecha-durante-o-carnaval-2025-e-abre-nos-feriados","status":"publish","type":"post","link":"https:\/\/www.sudoestehoje.com.br\/novoportal\/2025\/02\/18\/cdl-informa-comercio-de-itapetinga-fecha-durante-o-carnaval-2025-e-abre-nos-feriados\/","title":{"rendered":"CDL INFORMA | COM\u00c9RCIO DE ITAPETINGA FECHA DURANTE O CARNAVAL 2025 E ABRE NOS FERIADOS"},"content":{"rendered":"<p><img loading=\"lazy\" decoding=\"async\" class=\"alignnone  wp-image-120779\" src=\"https:\/\/www.sudoestehoje.com.br\/novoportal\/wp-content\/uploads\/2025\/02\/Imagem-do-WhatsApp-de-2025-02-18-as-17.58.22_9504a886.jpg\" alt=\"\" width=\"560\" height=\"560\" \/><\/p>\n<p><strong>A CDL de Itapetinga informa que, em parceria com o Sindicato dos Empregados do Com\u00e9rcio de Itapetinga e Itoror\u00f3, foi firmado um acordo para a troca dos feriados do Dia do Comerci\u00e1rio (20\/10\/2025) e do Anivers\u00e1rio da Cidade (12\/12\/2025) pela segunda e ter\u00e7a-feira de Carnaval, dias 03 e 04 de mar\u00e7o de 2025.<\/strong><\/p>\n<p><strong>O que muda no funcionamento do com\u00e9rcio?<\/strong><\/p>\n<p><strong>&#x1f4c5; Dias 03 e 04 de mar\u00e7o de 2025 (segunda e ter\u00e7a-feira de Carnaval): Com\u00e9rcio fechado.<\/strong><br \/>\n<strong>&#x1f4c5; Dia 20 de outubro de 2025 (Dia do Comerci\u00e1rio): Com\u00e9rcio aberto.<\/strong><br \/>\n<strong>&#x1f4c5; Dia 12 de dezembro de 2025 (Anivers\u00e1rio de Itapetinga): Com\u00e9rcio aberto at\u00e9 \u00e0s 13h.<\/strong><\/p>\n","protected":false},"excerpt":{"rendered":"<p>A CDL de Itapetinga informa que, em parceria com o Sindicato dos Empregados do Com\u00e9rcio de Itapetinga e Itoror\u00f3, foi firmado um acordo para a troca dos feriados do Dia do Comerci\u00e1rio (20\/10\/2025) e do Anivers\u00e1rio da Cidade (12\/12\/2025) pela segunda e ter\u00e7a-feira de Carnaval, dias 03 e 04 de mar\u00e7o de 2025. O que [&hellip;]<\/p>\n","protected":false},"author":2,"featured_media":120779,"comment_status":"closed","ping_status":"open","sticky":false,"template":"","format":"standard","meta":{"footnotes":"","_links_to":"","_links_to_target":""},"categories":[1],"tags":[],"class_list":["post-120777","post","type-post","status-publish","format-standard","has-post-thumbnail","hentry","category-geral"],"views":1073,"_links":{"self":[{"href":"https:\/\/www.sudoestehoje.com.br\/novoportal\/wp-json\/wp\/v2\/posts\/120777","targetHints":{"allow":["GET"]}}],"collection":[{"href":"https:\/\/www.sudoestehoje.com.br\/novoportal\/wp-json\/wp\/v2\/posts"}],"about":[{"href":"https:\/\/www.sudoestehoje.com.br\/novoportal\/wp-json\/wp\/v2\/types\/post"}],"author":[{"embeddable":true,"href":"https:\/\/www.sudoestehoje.com.br\/novoportal\/wp-json\/wp\/v2\/users\/2"}],"replies":[{"embeddable":true,"href":"https:\/\/www.sudoestehoje.com.br\/novoportal\/wp-json\/wp\/v2\/comments?post=120777"}],"version-history":[{"count":5,"href":"https:\/\/www.sudoestehoje.com.br\/novoportal\/wp-json\/wp\/v2\/posts\/120777\/revisions"}],"predecessor-version":[{"id":120784,"href":"https:\/\/www.sudoestehoje.com.br\/novoportal\/wp-json\/wp\/v2\/posts\/120777\/revisions\/120784"}],"wp:featuredmedia":[{"embeddable":true,"href":"https:\/\/www.sudoestehoje.com.br\/novoportal\/wp-json\/wp\/v2\/media\/120779"}],"wp:attachment":[{"href":"https:\/\/www.sudoestehoje.com.br\/novoportal\/wp-json\/wp\/v2\/media?parent=120777"}],"wp:term":[{"taxonomy":"category","embeddable":true,"href":"https:\/\/www.sudoestehoje.com.br\/novoportal\/wp-json\/wp\/v2\/categories?post=120777"},{"taxonomy":"post_tag","embeddable":true,"href":"https:\/\/www.sudoestehoje.com.br\/novoportal\/wp-json\/wp\/v2\/tags?post=120777"}],"curies":[{"name":"wp","href":"https:\/\/api.w.org\/{rel}","templated":true}]}}