
{"id":120760,"date":"2025-02-17T20:02:32","date_gmt":"2025-02-17T23:02:32","guid":{"rendered":"https:\/\/www.sudoestehoje.com.br\/novoportal\/?p=120760"},"modified":"2025-02-17T20:08:42","modified_gmt":"2025-02-17T23:08:42","slug":"tv-bahia-demite-o-apresentador-thiago-mastroianni-apos-20-anos-de-empresa","status":"publish","type":"post","link":"https:\/\/www.sudoestehoje.com.br\/novoportal\/2025\/02\/17\/tv-bahia-demite-o-apresentador-thiago-mastroianni-apos-20-anos-de-empresa\/","title":{"rendered":"TV BAHIA DEMITE O APRESENTADOR THIAGO MASTROIANNI AP\u00d3S 20 ANOS NA EMISSORA"},"content":{"rendered":"<p data-start=\"302\" data-end=\"516\"><img loading=\"lazy\" decoding=\"async\" class=\"alignnone wp-image-120763\" src=\"https:\/\/www.sudoestehoje.com.br\/novoportal\/wp-content\/uploads\/2025\/02\/mastroiane-1.jpg\" alt=\"\" width=\"560\" height=\"294\" \/><\/p>\n<p data-start=\"302\" data-end=\"516\"><strong>O apresentador Thiago Mastroianni, de 56 anos, foi desligado da TV Bahia nesta segunda-feira (17), ap\u00f3s mais de duas d\u00e9cadas de atua\u00e7\u00e3o na emissora. A demiss\u00e3o ocorreu logo ap\u00f3s sua participa\u00e7\u00e3o no\u00a0<em data-start=\"280\" data-end=\"297\">Jornal da Manh\u00e3.<\/em><\/strong><\/p>\n<p data-start=\"302\" data-end=\"516\"><strong>De acordo com informa\u00e7\u00f5es do\u00a0<em data-start=\"331\" data-end=\"347\">Bahia Not\u00edcias<\/em>\u00a0, o jornalista e locutor esportivo estava pr\u00f3ximo da aposentadoria, j\u00e1 que trabalha na comunica\u00e7\u00e3o desde 1986, mas acabou sendo desligado antes de concluir esse ciclo.<\/strong><\/p>\n<p data-start=\"518\" data-end=\"782\"><strong>Natural de Fortaleza, Mastroianni iniciou a carreira como locutor na Itaparica FM e passou por diversas emissoras de r\u00e1dio na Bahia, incluindo FM Aratu e 104 FM, do grupo\u00a0<em data-start=\"689\" data-end=\"698\">A Tarde<\/em>\u00a0. No jornalismo esportivo, tamb\u00e9m atuoso como rep\u00f3rter no programa\u00a0<em data-start=\"764\" data-end=\"779\">No Campo do 4<\/em>\u00a0.<\/strong><\/p>\n<p data-start=\"784\" data-end=\"1009\" data-is-last-node=\"\"><strong>A sa\u00edda do comunicador marca o fim de uma trajet\u00f3ria consolidada na TV Bahia, onde se destacou pela cobertura esportiva e apresenta\u00e7\u00e3o de telejornais. At\u00e9 o momento, ele n\u00e3o se pronunciou sobre os pr\u00f3ximos passos na carreira.<\/strong><\/p>\n","protected":false},"excerpt":{"rendered":"<p>O apresentador Thiago Mastroianni, de 56 anos, foi desligado da TV Bahia nesta segunda-feira (17), ap\u00f3s mais de duas d\u00e9cadas de atua\u00e7\u00e3o na emissora. A demiss\u00e3o ocorreu logo ap\u00f3s sua participa\u00e7\u00e3o no\u00a0Jornal da Manh\u00e3. De acordo com informa\u00e7\u00f5es do\u00a0Bahia Not\u00edcias\u00a0, o jornalista e locutor esportivo estava pr\u00f3ximo da aposentadoria, j\u00e1 que trabalha na comunica\u00e7\u00e3o desde [&hellip;]<\/p>\n","protected":false},"author":2,"featured_media":120763,"comment_status":"closed","ping_status":"open","sticky":false,"template":"","format":"standard","meta":{"footnotes":"","_links_to":"","_links_to_target":""},"categories":[1],"tags":[],"class_list":["post-120760","post","type-post","status-publish","format-standard","has-post-thumbnail","hentry","category-geral"],"views":752,"_links":{"self":[{"href":"https:\/\/www.sudoestehoje.com.br\/novoportal\/wp-json\/wp\/v2\/posts\/120760","targetHints":{"allow":["GET"]}}],"collection":[{"href":"https:\/\/www.sudoestehoje.com.br\/novoportal\/wp-json\/wp\/v2\/posts"}],"about":[{"href":"https:\/\/www.sudoestehoje.com.br\/novoportal\/wp-json\/wp\/v2\/types\/post"}],"author":[{"embeddable":true,"href":"https:\/\/www.sudoestehoje.com.br\/novoportal\/wp-json\/wp\/v2\/users\/2"}],"replies":[{"embeddable":true,"href":"https:\/\/www.sudoestehoje.com.br\/novoportal\/wp-json\/wp\/v2\/comments?post=120760"}],"version-history":[{"count":4,"href":"https:\/\/www.sudoestehoje.com.br\/novoportal\/wp-json\/wp\/v2\/posts\/120760\/revisions"}],"predecessor-version":[{"id":120766,"href":"https:\/\/www.sudoestehoje.com.br\/novoportal\/wp-json\/wp\/v2\/posts\/120760\/revisions\/120766"}],"wp:featuredmedia":[{"embeddable":true,"href":"https:\/\/www.sudoestehoje.com.br\/novoportal\/wp-json\/wp\/v2\/media\/120763"}],"wp:attachment":[{"href":"https:\/\/www.sudoestehoje.com.br\/novoportal\/wp-json\/wp\/v2\/media?parent=120760"}],"wp:term":[{"taxonomy":"category","embeddable":true,"href":"https:\/\/www.sudoestehoje.com.br\/novoportal\/wp-json\/wp\/v2\/categories?post=120760"},{"taxonomy":"post_tag","embeddable":true,"href":"https:\/\/www.sudoestehoje.com.br\/novoportal\/wp-json\/wp\/v2\/tags?post=120760"}],"curies":[{"name":"wp","href":"https:\/\/api.w.org\/{rel}","templated":true}]}}