
{"id":120743,"date":"2025-02-17T10:39:15","date_gmt":"2025-02-17T13:39:15","guid":{"rendered":"https:\/\/www.sudoestehoje.com.br\/novoportal\/?p=120743"},"modified":"2025-02-17T10:39:15","modified_gmt":"2025-02-17T13:39:15","slug":"pesquisa-quaest-mostra-que-8-em-cada-10-brasileiros-sentem-alta-dos-precos","status":"publish","type":"post","link":"https:\/\/www.sudoestehoje.com.br\/novoportal\/2025\/02\/17\/pesquisa-quaest-mostra-que-8-em-cada-10-brasileiros-sentem-alta-dos-precos\/","title":{"rendered":"PESQUISA QUAEST MOSTRA QUE 8 EM CADA 10 BRASILEIROS SENTEM ALTA DOS PRE\u00c7OS"},"content":{"rendered":"<p><img loading=\"lazy\" decoding=\"async\" class=\"alignnone  wp-image-120746\" src=\"https:\/\/www.sudoestehoje.com.br\/novoportal\/wp-content\/uploads\/2025\/02\/naom-626001bce71b9-23-04-2022-082627.jpg\" alt=\"\" width=\"560\" height=\"315\" \/><\/p>\n<p><strong>A pesquisa Quaest divulgada no domingo aponta que as fam\u00edlias brasileiras de todas as classes sociais notaram a eleva\u00e7\u00e3o de pre\u00e7os dos alimentos e das contas de \u00e1gua e energia el\u00e9trica no pa\u00eds.<\/strong><\/p>\n<p><strong>De acordo com o levantamento, oito em cada dez dizem que pre\u00e7o dos alimentos subiu. A percep\u00e7\u00e3o \u00e9 praticamente semelhante entre as classes sociais.<\/strong><\/p>\n<p><strong>Os pre\u00e7os mais baixos foram citados por menos de 10% de todas as faixas de renda. J\u00e1 a percep\u00e7\u00e3o de estabilidade varia entre 11% (classe baixa) e 14% (classe alta).<\/strong><\/p>\n<p><strong>Tarifas de \u00e1gua e eletricidade tamb\u00e9m pesaram no bolso. O encarecimento dos servi\u00e7os essenciais foi sentido, principalmente, pelas fam\u00edlias da classe baixa (69%). O percentual reduz entre as classes m\u00e9dia (66%) e alta (64%), conforme a disponibilidade da renda.<\/strong><\/p>\n<p><strong>J\u00e1 as tarifas de energia el\u00e9trica residencial ficaram 14,4% mais baratas no m\u00eas passado. A varia\u00e7\u00e3o negativa foi ocasionada pelo desconto concedido nas contas para as fam\u00edlias que tiveram consumo inferior a 350 quilowatts-hora (kWh) em ao menos um m\u00eas de 2023.<\/strong><\/p>\n<p><strong>A Quaest ouviu 2.000 brasileiros para elaborar a pesquisa. O levantamento \u201cDiferen\u00e7as Entre Classes Sociais Brasileiras\u201d tem margem de erros maiores do que a amostra completa devido \u00e0 an\u00e1lise de comportamentos, percep\u00e7\u00f5es e opini\u00f5es por classe social. As varia\u00e7\u00f5es oscilam entre 3 pontos percentuais (classe m\u00e9dia) e 4 pontos percentuais (classes baixa e alta).<\/strong><\/p>\n","protected":false},"excerpt":{"rendered":"<p>A pesquisa Quaest divulgada no domingo aponta que as fam\u00edlias brasileiras de todas as classes sociais notaram a eleva\u00e7\u00e3o de pre\u00e7os dos alimentos e das contas de \u00e1gua e energia el\u00e9trica no pa\u00eds. De acordo com o levantamento, oito em cada dez dizem que pre\u00e7o dos alimentos subiu. A percep\u00e7\u00e3o \u00e9 praticamente semelhante entre as [&hellip;]<\/p>\n","protected":false},"author":2,"featured_media":120746,"comment_status":"closed","ping_status":"open","sticky":false,"template":"","format":"standard","meta":{"footnotes":"","_links_to":"","_links_to_target":""},"categories":[1],"tags":[],"class_list":["post-120743","post","type-post","status-publish","format-standard","has-post-thumbnail","hentry","category-geral"],"views":694,"_links":{"self":[{"href":"https:\/\/www.sudoestehoje.com.br\/novoportal\/wp-json\/wp\/v2\/posts\/120743","targetHints":{"allow":["GET"]}}],"collection":[{"href":"https:\/\/www.sudoestehoje.com.br\/novoportal\/wp-json\/wp\/v2\/posts"}],"about":[{"href":"https:\/\/www.sudoestehoje.com.br\/novoportal\/wp-json\/wp\/v2\/types\/post"}],"author":[{"embeddable":true,"href":"https:\/\/www.sudoestehoje.com.br\/novoportal\/wp-json\/wp\/v2\/users\/2"}],"replies":[{"embeddable":true,"href":"https:\/\/www.sudoestehoje.com.br\/novoportal\/wp-json\/wp\/v2\/comments?post=120743"}],"version-history":[{"count":3,"href":"https:\/\/www.sudoestehoje.com.br\/novoportal\/wp-json\/wp\/v2\/posts\/120743\/revisions"}],"predecessor-version":[{"id":120747,"href":"https:\/\/www.sudoestehoje.com.br\/novoportal\/wp-json\/wp\/v2\/posts\/120743\/revisions\/120747"}],"wp:featuredmedia":[{"embeddable":true,"href":"https:\/\/www.sudoestehoje.com.br\/novoportal\/wp-json\/wp\/v2\/media\/120746"}],"wp:attachment":[{"href":"https:\/\/www.sudoestehoje.com.br\/novoportal\/wp-json\/wp\/v2\/media?parent=120743"}],"wp:term":[{"taxonomy":"category","embeddable":true,"href":"https:\/\/www.sudoestehoje.com.br\/novoportal\/wp-json\/wp\/v2\/categories?post=120743"},{"taxonomy":"post_tag","embeddable":true,"href":"https:\/\/www.sudoestehoje.com.br\/novoportal\/wp-json\/wp\/v2\/tags?post=120743"}],"curies":[{"name":"wp","href":"https:\/\/api.w.org\/{rel}","templated":true}]}}