
{"id":120714,"date":"2025-02-12T10:39:11","date_gmt":"2025-02-12T13:39:11","guid":{"rendered":"https:\/\/www.sudoestehoje.com.br\/novoportal\/?p=120714"},"modified":"2025-02-12T10:39:11","modified_gmt":"2025-02-12T13:39:11","slug":"tudo-pelo-social-governo-lula-ja-excluiu-mais-de-meio-milhao-de-beneficiarios-do-bolsa-familia-no-nordeste","status":"publish","type":"post","link":"https:\/\/www.sudoestehoje.com.br\/novoportal\/2025\/02\/12\/tudo-pelo-social-governo-lula-ja-excluiu-mais-de-meio-milhao-de-beneficiarios-do-bolsa-familia-no-nordeste\/","title":{"rendered":"TUDO PELO SOCIAL | GOVERNO LULA J\u00c1 EXCLUIU MAIS DE MEIO MILH\u00c3O DE BENEFICI\u00c1RIOS DO BOLSA FAM\u00cdLIA NO NORDESTE"},"content":{"rendered":"<h2><strong>Nordeste e Sudeste s\u00e3o as regi\u00f5es mais afetadas, com perda de 561.150 e 537.321 benefici\u00e1rios, respectivamente<\/strong><\/h2>\n<p><img loading=\"lazy\" decoding=\"async\" class=\"alignnone  wp-image-120717\" src=\"https:\/\/www.sudoestehoje.com.br\/novoportal\/wp-content\/uploads\/2025\/02\/seucreditodigital.com_.br-governo-aperta-o-cerco-bolsa-familia-bpc-e-gastos-publicos-na-mira-bolsa-familia-governo-1080x720-2.jpg\" alt=\"\" width=\"560\" height=\"373\" \/><\/p>\n<p><strong>O governo Federal excluiu 1,1 milh\u00e3o de benefici\u00e1rios do Bolsa Fam\u00edlia desde 2023, como parte de uma revis\u00e3o cadastral, que tem o intuito de identificar fraudes e irregularidades no programa de distribui\u00e7\u00e3o de renda.<\/strong><\/p>\n<p><strong>Segundo mat\u00e9ria do InfoMoney, em janeiro de 2025, o n\u00famero de fam\u00edlias atendidas era de 20,5 milh\u00f5es, enquanto que em dezembro de 2022, \u00faltimo m\u00eas do governo de Jair Bolsonaro (PL), o total de inscritos chegava a 21,6 milh\u00f5es, \u00e9 o que aponta um levantamento do portal Poder360.<\/strong><\/p>\n<p><strong>O Minist\u00e9rio do Desenvolvimento Social afirma que a verifica\u00e7\u00e3o dos cadastros ocorre de forma cont\u00ednua desde 2023 e que novas medidas vem sendo estudadas para aprimorar o controle a partir deste ano. Apenas entre dezembro do \u00faltimo ano e janeiro de 2025, 325.475 cadastros foram cancelados.<\/strong><\/p>\n<p><strong>A revis\u00e3o cadastral impactou, principalmente, as regi\u00f5es Sudeste e Nordeste, que concentram a maior parte dos benefici\u00e1rios do programa. No Sudeste, 561.150 fam\u00edlias foram exclu\u00eddas, enquanto no Nordeste a redu\u00e7\u00e3o chegou a 537.321. Ao todo, 3.730 munic\u00edpios registraram queda no n\u00famero de inscritos, sendo as cidades do Rio de Janeiro e de S\u00e3o Paulo as mais impactadas, com cortes de 95.657 e 59.520 benefici\u00e1rios, respectivamente.<\/strong><\/p>\n","protected":false},"excerpt":{"rendered":"<p>Nordeste e Sudeste s\u00e3o as regi\u00f5es mais afetadas, com perda de 561.150 e 537.321 benefici\u00e1rios, respectivamente O governo Federal excluiu 1,1 milh\u00e3o de benefici\u00e1rios do Bolsa Fam\u00edlia desde 2023, como parte de uma revis\u00e3o cadastral, que tem o intuito de identificar fraudes e irregularidades no programa de distribui\u00e7\u00e3o de renda. Segundo mat\u00e9ria do InfoMoney, em [&hellip;]<\/p>\n","protected":false},"author":2,"featured_media":120717,"comment_status":"closed","ping_status":"open","sticky":false,"template":"","format":"standard","meta":{"footnotes":"","_links_to":"","_links_to_target":""},"categories":[1],"tags":[],"class_list":["post-120714","post","type-post","status-publish","format-standard","has-post-thumbnail","hentry","category-geral"],"views":788,"_links":{"self":[{"href":"https:\/\/www.sudoestehoje.com.br\/novoportal\/wp-json\/wp\/v2\/posts\/120714","targetHints":{"allow":["GET"]}}],"collection":[{"href":"https:\/\/www.sudoestehoje.com.br\/novoportal\/wp-json\/wp\/v2\/posts"}],"about":[{"href":"https:\/\/www.sudoestehoje.com.br\/novoportal\/wp-json\/wp\/v2\/types\/post"}],"author":[{"embeddable":true,"href":"https:\/\/www.sudoestehoje.com.br\/novoportal\/wp-json\/wp\/v2\/users\/2"}],"replies":[{"embeddable":true,"href":"https:\/\/www.sudoestehoje.com.br\/novoportal\/wp-json\/wp\/v2\/comments?post=120714"}],"version-history":[{"count":5,"href":"https:\/\/www.sudoestehoje.com.br\/novoportal\/wp-json\/wp\/v2\/posts\/120714\/revisions"}],"predecessor-version":[{"id":120721,"href":"https:\/\/www.sudoestehoje.com.br\/novoportal\/wp-json\/wp\/v2\/posts\/120714\/revisions\/120721"}],"wp:featuredmedia":[{"embeddable":true,"href":"https:\/\/www.sudoestehoje.com.br\/novoportal\/wp-json\/wp\/v2\/media\/120717"}],"wp:attachment":[{"href":"https:\/\/www.sudoestehoje.com.br\/novoportal\/wp-json\/wp\/v2\/media?parent=120714"}],"wp:term":[{"taxonomy":"category","embeddable":true,"href":"https:\/\/www.sudoestehoje.com.br\/novoportal\/wp-json\/wp\/v2\/categories?post=120714"},{"taxonomy":"post_tag","embeddable":true,"href":"https:\/\/www.sudoestehoje.com.br\/novoportal\/wp-json\/wp\/v2\/tags?post=120714"}],"curies":[{"name":"wp","href":"https:\/\/api.w.org\/{rel}","templated":true}]}}