
{"id":120703,"date":"2025-02-12T09:23:43","date_gmt":"2025-02-12T12:23:43","guid":{"rendered":"https:\/\/www.sudoestehoje.com.br\/novoportal\/?p=120703"},"modified":"2025-02-12T09:24:28","modified_gmt":"2025-02-12T12:24:28","slug":"enrolacao-ponte-salvador-itaparica-custara-mais-de-r-10-bilhoes-por-enquanto","status":"publish","type":"post","link":"https:\/\/www.sudoestehoje.com.br\/novoportal\/2025\/02\/12\/enrolacao-ponte-salvador-itaparica-custara-mais-de-r-10-bilhoes-por-enquanto\/","title":{"rendered":"MAIS ENROLA\u00c7\u00c3O | PONTE SALVADOR &#8211; ITAPARICA CUSTAR\u00c1 MAIS DE R$ 10 BILH\u00d5ES, POR ENQUANTO"},"content":{"rendered":"<p><img loading=\"lazy\" decoding=\"async\" class=\"alignnone wp-image-120706\" src=\"https:\/\/www.sudoestehoje.com.br\/novoportal\/wp-content\/uploads\/2025\/02\/ponte_widelg.jpg\" alt=\"\" width=\"560\" height=\"315\" \/><\/p>\n<p><strong>O Tribunal de Contas do Estado da Bahia (TCE-BA) aprovou por unanimidade a proposta de media\u00e7\u00e3o entre o Governo do Estado e a Concession\u00e1ria Ponte Salvador-Itaparica, que atualiza o valor do contrato para a constru\u00e7\u00e3o da ponte de R$ 7 bilh\u00f5es para R$ 10,42 bilh\u00f5es. <\/strong><\/p>\n<p><strong>Essa decis\u00e3o foi tomada em uma sess\u00e3o plen\u00e1ria nesta ter\u00e7a-feira (11) e contou com o apoio dos sete conselheiros do TCE.<\/strong><\/p>\n<p><strong>O novo valor \u00e9 significativamente inferior aos R$ 13 bilh\u00f5es inicialmente solicitados pelo cons\u00f3rcio ap\u00f3s a pandemia. A administra\u00e7\u00e3o estadual acredita que essa redu\u00e7\u00e3o foi poss\u00edvel gra\u00e7as \u00e0 media\u00e7\u00e3o do TCE.<\/strong><\/p>\n<p><strong>Com a aprova\u00e7\u00e3o, o governo de Jer\u00f4nimo Rodrigues (PT) planeja assinar, em breve, um termo aditivo que permitir\u00e1 o in\u00edcio das obras na Ba\u00eda de Todos-os-Santos. <\/strong><\/p>\n<p><strong>Todos os conselheiros, incluindo o relator e outros como Ant\u00f4nio Honorato e Jo\u00e3o Bonfim, apoiaram a decis\u00e3o, permitindo que o governo da Bahia e o cons\u00f3rcio chin\u00eas avancem na constru\u00e7\u00e3o da ponte.<\/strong><\/p>\n","protected":false},"excerpt":{"rendered":"<p>O Tribunal de Contas do Estado da Bahia (TCE-BA) aprovou por unanimidade a proposta de media\u00e7\u00e3o entre o Governo do Estado e a Concession\u00e1ria Ponte Salvador-Itaparica, que atualiza o valor do contrato para a constru\u00e7\u00e3o da ponte de R$ 7 bilh\u00f5es para R$ 10,42 bilh\u00f5es. Essa decis\u00e3o foi tomada em uma sess\u00e3o plen\u00e1ria nesta ter\u00e7a-feira [&hellip;]<\/p>\n","protected":false},"author":2,"featured_media":120706,"comment_status":"closed","ping_status":"open","sticky":false,"template":"","format":"standard","meta":{"footnotes":"","_links_to":"","_links_to_target":""},"categories":[1],"tags":[],"class_list":["post-120703","post","type-post","status-publish","format-standard","has-post-thumbnail","hentry","category-geral"],"views":690,"_links":{"self":[{"href":"https:\/\/www.sudoestehoje.com.br\/novoportal\/wp-json\/wp\/v2\/posts\/120703","targetHints":{"allow":["GET"]}}],"collection":[{"href":"https:\/\/www.sudoestehoje.com.br\/novoportal\/wp-json\/wp\/v2\/posts"}],"about":[{"href":"https:\/\/www.sudoestehoje.com.br\/novoportal\/wp-json\/wp\/v2\/types\/post"}],"author":[{"embeddable":true,"href":"https:\/\/www.sudoestehoje.com.br\/novoportal\/wp-json\/wp\/v2\/users\/2"}],"replies":[{"embeddable":true,"href":"https:\/\/www.sudoestehoje.com.br\/novoportal\/wp-json\/wp\/v2\/comments?post=120703"}],"version-history":[{"count":5,"href":"https:\/\/www.sudoestehoje.com.br\/novoportal\/wp-json\/wp\/v2\/posts\/120703\/revisions"}],"predecessor-version":[{"id":120709,"href":"https:\/\/www.sudoestehoje.com.br\/novoportal\/wp-json\/wp\/v2\/posts\/120703\/revisions\/120709"}],"wp:featuredmedia":[{"embeddable":true,"href":"https:\/\/www.sudoestehoje.com.br\/novoportal\/wp-json\/wp\/v2\/media\/120706"}],"wp:attachment":[{"href":"https:\/\/www.sudoestehoje.com.br\/novoportal\/wp-json\/wp\/v2\/media?parent=120703"}],"wp:term":[{"taxonomy":"category","embeddable":true,"href":"https:\/\/www.sudoestehoje.com.br\/novoportal\/wp-json\/wp\/v2\/categories?post=120703"},{"taxonomy":"post_tag","embeddable":true,"href":"https:\/\/www.sudoestehoje.com.br\/novoportal\/wp-json\/wp\/v2\/tags?post=120703"}],"curies":[{"name":"wp","href":"https:\/\/api.w.org\/{rel}","templated":true}]}}