
{"id":120696,"date":"2025-02-11T11:23:02","date_gmt":"2025-02-11T14:23:02","guid":{"rendered":"https:\/\/www.sudoestehoje.com.br\/novoportal\/?p=120696"},"modified":"2025-02-11T11:23:02","modified_gmt":"2025-02-11T14:23:02","slug":"queda-de-aviao-de-pequeno-porte-deixa-um-morto-em-prado-piloto-escapou","status":"publish","type":"post","link":"https:\/\/www.sudoestehoje.com.br\/novoportal\/2025\/02\/11\/queda-de-aviao-de-pequeno-porte-deixa-um-morto-em-prado-piloto-escapou\/","title":{"rendered":"QUEDA DE AVI\u00c3O DE PEQUENO PORTE DEIXA UM MORTO EM PRADO; PILOTO ESCAPOU"},"content":{"rendered":"<p><img loading=\"lazy\" decoding=\"async\" class=\"alignnone  wp-image-120698\" src=\"https:\/\/www.sudoestehoje.com.br\/novoportal\/wp-content\/uploads\/2025\/02\/WhatsApp-Image-2025-02-10-at-19.26.54.jpeg\" alt=\"\" width=\"560\" height=\"373\" \/><\/p>\n<p><strong>Pelo menos uma pessoa morreu ap\u00f3s a queda de um avi\u00e3o de pequeno porte na cidade de Prado, no extremo sul da Bahia, no final da tarde desta segunda-feira (10).<\/strong><\/p>\n<p><strong>De acordo com informa\u00e7\u00f5es iniciais do Corpo de Bombeiros Militar da Bahia (CBM-BA), o corpo da v\u00edtima ficou preso nas ferragens da aeronave, e equipes da corpora\u00e7\u00e3o est\u00e3o a caminho do local. o piloto da aeronave escapou com ferimentos e foi conduzido pelo Samu para o Hospital de Base em Porto Seguro.<\/strong><\/p>\n<p><strong>Al\u00e9m disso, uma outra pessoa que estava a bordo foi socorrida e levada para uma unidade de sa\u00fade com vida, mas seu estado de sa\u00fade ainda n\u00e3o foi divulgado.<\/strong><\/p>\n<p><strong>At\u00e9 o momento, n\u00e3o h\u00e1 informa\u00e7\u00f5es sobre as identidades das v\u00edtimas ou sobre as causas da queda, e o caso ser\u00e1 investigado.<\/strong><\/p>\n","protected":false},"excerpt":{"rendered":"<p>Pelo menos uma pessoa morreu ap\u00f3s a queda de um avi\u00e3o de pequeno porte na cidade de Prado, no extremo sul da Bahia, no final da tarde desta segunda-feira (10). De acordo com informa\u00e7\u00f5es iniciais do Corpo de Bombeiros Militar da Bahia (CBM-BA), o corpo da v\u00edtima ficou preso nas ferragens da aeronave, e equipes [&hellip;]<\/p>\n","protected":false},"author":2,"featured_media":120698,"comment_status":"closed","ping_status":"open","sticky":false,"template":"","format":"standard","meta":{"footnotes":"","_links_to":"","_links_to_target":""},"categories":[1],"tags":[],"class_list":["post-120696","post","type-post","status-publish","format-standard","has-post-thumbnail","hentry","category-geral"],"views":447,"_links":{"self":[{"href":"https:\/\/www.sudoestehoje.com.br\/novoportal\/wp-json\/wp\/v2\/posts\/120696","targetHints":{"allow":["GET"]}}],"collection":[{"href":"https:\/\/www.sudoestehoje.com.br\/novoportal\/wp-json\/wp\/v2\/posts"}],"about":[{"href":"https:\/\/www.sudoestehoje.com.br\/novoportal\/wp-json\/wp\/v2\/types\/post"}],"author":[{"embeddable":true,"href":"https:\/\/www.sudoestehoje.com.br\/novoportal\/wp-json\/wp\/v2\/users\/2"}],"replies":[{"embeddable":true,"href":"https:\/\/www.sudoestehoje.com.br\/novoportal\/wp-json\/wp\/v2\/comments?post=120696"}],"version-history":[{"count":2,"href":"https:\/\/www.sudoestehoje.com.br\/novoportal\/wp-json\/wp\/v2\/posts\/120696\/revisions"}],"predecessor-version":[{"id":120699,"href":"https:\/\/www.sudoestehoje.com.br\/novoportal\/wp-json\/wp\/v2\/posts\/120696\/revisions\/120699"}],"wp:featuredmedia":[{"embeddable":true,"href":"https:\/\/www.sudoestehoje.com.br\/novoportal\/wp-json\/wp\/v2\/media\/120698"}],"wp:attachment":[{"href":"https:\/\/www.sudoestehoje.com.br\/novoportal\/wp-json\/wp\/v2\/media?parent=120696"}],"wp:term":[{"taxonomy":"category","embeddable":true,"href":"https:\/\/www.sudoestehoje.com.br\/novoportal\/wp-json\/wp\/v2\/categories?post=120696"},{"taxonomy":"post_tag","embeddable":true,"href":"https:\/\/www.sudoestehoje.com.br\/novoportal\/wp-json\/wp\/v2\/tags?post=120696"}],"curies":[{"name":"wp","href":"https:\/\/api.w.org\/{rel}","templated":true}]}}