
{"id":120680,"date":"2025-02-11T09:22:45","date_gmt":"2025-02-11T12:22:45","guid":{"rendered":"https:\/\/www.sudoestehoje.com.br\/novoportal\/?p=120680"},"modified":"2025-02-11T09:22:45","modified_gmt":"2025-02-11T12:22:45","slug":"mandato-pedro-tavares-cobra-do-governo-retomada-de-obras-paradas-em-ilheus","status":"publish","type":"post","link":"https:\/\/www.sudoestehoje.com.br\/novoportal\/2025\/02\/11\/mandato-pedro-tavares-cobra-do-governo-retomada-de-obras-paradas-em-ilheus\/","title":{"rendered":"MANDATO | PEDRO TAVARES COBRA DO GOVERNO RETOMADA DE OBRAS PARADAS EM ILH\u00c9US"},"content":{"rendered":"<p><img loading=\"lazy\" decoding=\"async\" class=\"alignnone  wp-image-120682\" src=\"https:\/\/www.sudoestehoje.com.br\/novoportal\/wp-content\/uploads\/2025\/02\/images-1.jpeg\" alt=\"\" width=\"560\" height=\"398\" \/><\/p>\n<p><strong>O deputado estadual Pedro Tavares (Uni\u00e3o Brasil) voltou a cobrar das autoridades federais, estaduais e das companhias a\u00e9reas a amplia\u00e7\u00e3o da oferta de voos para Ilh\u00e9us, cidade de grande relev\u00e2ncia tur\u00edstica, cultural e econ\u00f4mica no estado. O parlamentar ressaltou que a cidade sofre com a escassez de op\u00e7\u00f5es a\u00e9reas, o que impacta diretamente o turismo e o desenvolvimento regional.<\/strong><br \/>\n<strong>\u201cIlh\u00e9us \u00e9 um polo que atende toda a regi\u00e3o e deveria ter mais aten\u00e7\u00e3o por parte das companhias a\u00e9reas.<\/strong><\/p>\n<p><strong>Atualmente, os poucos voos dispon\u00edveis possuem pre\u00e7os exorbitantes, o que impede muitas pessoas de visitarem a cidade e a regi\u00e3o. Muitas vezes, o voo de Salvador para Ilh\u00e9us \u00e9 mais caro do que uma viagem para o exterior. Quero mais uma vez cobrar das autoridades federais, estaduais e das empresas a\u00e9reas para que essa situa\u00e7\u00e3o seja resolvida. Nesse per\u00edodo de alta esta\u00e7\u00e3o e festas, a cidade poderia receber mais turistas, mas, por causa dos pre\u00e7os abusivos e da falta de voos, isso n\u00e3o aconteceu\u201d, afirmou.<\/strong><\/p>\n<p><strong>O deputado ressaltou que, desde o dia 1\u00ba de janeiro, Ilh\u00e9us passa por um processo de transforma\u00e7\u00e3o com a gest\u00e3o do prefeito Valderico Junior (Uni\u00e3o Brasil), que vem implementando melhorias estruturais e resgatando tradi\u00e7\u00f5es culturais, como a Festa de Iemanj\u00e1 e a Puxada do Mastro. No entanto, ele enfatizou que a falta de voos prejudica o aproveitamento desse momento de crescimento.<\/strong><br \/>\n<strong>\u201cIlh\u00e9us tem passado por um momento de mudan\u00e7as, um novo cen\u00e1rio, com a gest\u00e3o do prefeito Valderico Junior, que tem mostrado muito dinamismo, sem fugir das adversidades, tentado resolver situa\u00e7\u00f5es hist\u00f3ricas que a cidade enfrenta, com isso elevando a autoestima da popula\u00e7\u00e3o. Esse contexto poderia estar ainda melhor se as autoridades estaduais e federais resolvessem o problema da falta de voos\u201d, destacou.<\/strong><\/p>\n<p><strong>Obras paralisadas<\/strong><\/p>\n<p><strong>Tavares tamb\u00e9m cobrou do Governo do Estado a retomada das obras estaduais que est\u00e3o paradas na cidade. Ele fez um apelo para que o governo intervenha na urbaniza\u00e7\u00e3o da zona norte, que sofre com preju\u00edzos causados pelo avan\u00e7o do mar. Al\u00e9m disso, questionou a gest\u00e3o estadual sobre a retomada da duplica\u00e7\u00e3o da orla da zona sul, a reforma estrutural da ponte Lomanto J\u00fanior, que necessita de urg\u00eancia devido ao tempo de constru\u00e7\u00e3o, e a interven\u00e7\u00e3o da BR-251, que liga Ilh\u00e9us a Buerarema.<\/strong><\/p>\n<p><strong>\u201c\u00c9 preciso um olhar atento do governo estadual para essas demandas essenciais. O prefeito assumiu h\u00e1 pouco mais de 30 dias e j\u00e1 tem demonstrado compromisso com a cidade e sua popula\u00e7\u00e3o. Agora, \u00e9 fundamental que o Estado fa\u00e7a sua parte e promova as interven\u00e7\u00f5es necess\u00e1rias para que Ilh\u00e9us possa crescer ainda mais\u201d, concluiu.<\/strong><\/p>\n","protected":false},"excerpt":{"rendered":"<p>O deputado estadual Pedro Tavares (Uni\u00e3o Brasil) voltou a cobrar das autoridades federais, estaduais e das companhias a\u00e9reas a amplia\u00e7\u00e3o da oferta de voos para Ilh\u00e9us, cidade de grande relev\u00e2ncia tur\u00edstica, cultural e econ\u00f4mica no estado. O parlamentar ressaltou que a cidade sofre com a escassez de op\u00e7\u00f5es a\u00e9reas, o que impacta diretamente o turismo [&hellip;]<\/p>\n","protected":false},"author":2,"featured_media":120682,"comment_status":"closed","ping_status":"open","sticky":false,"template":"","format":"standard","meta":{"footnotes":"","_links_to":"","_links_to_target":""},"categories":[1],"tags":[],"class_list":["post-120680","post","type-post","status-publish","format-standard","has-post-thumbnail","hentry","category-geral"],"views":414,"_links":{"self":[{"href":"https:\/\/www.sudoestehoje.com.br\/novoportal\/wp-json\/wp\/v2\/posts\/120680","targetHints":{"allow":["GET"]}}],"collection":[{"href":"https:\/\/www.sudoestehoje.com.br\/novoportal\/wp-json\/wp\/v2\/posts"}],"about":[{"href":"https:\/\/www.sudoestehoje.com.br\/novoportal\/wp-json\/wp\/v2\/types\/post"}],"author":[{"embeddable":true,"href":"https:\/\/www.sudoestehoje.com.br\/novoportal\/wp-json\/wp\/v2\/users\/2"}],"replies":[{"embeddable":true,"href":"https:\/\/www.sudoestehoje.com.br\/novoportal\/wp-json\/wp\/v2\/comments?post=120680"}],"version-history":[{"count":1,"href":"https:\/\/www.sudoestehoje.com.br\/novoportal\/wp-json\/wp\/v2\/posts\/120680\/revisions"}],"predecessor-version":[{"id":120683,"href":"https:\/\/www.sudoestehoje.com.br\/novoportal\/wp-json\/wp\/v2\/posts\/120680\/revisions\/120683"}],"wp:featuredmedia":[{"embeddable":true,"href":"https:\/\/www.sudoestehoje.com.br\/novoportal\/wp-json\/wp\/v2\/media\/120682"}],"wp:attachment":[{"href":"https:\/\/www.sudoestehoje.com.br\/novoportal\/wp-json\/wp\/v2\/media?parent=120680"}],"wp:term":[{"taxonomy":"category","embeddable":true,"href":"https:\/\/www.sudoestehoje.com.br\/novoportal\/wp-json\/wp\/v2\/categories?post=120680"},{"taxonomy":"post_tag","embeddable":true,"href":"https:\/\/www.sudoestehoje.com.br\/novoportal\/wp-json\/wp\/v2\/tags?post=120680"}],"curies":[{"name":"wp","href":"https:\/\/api.w.org\/{rel}","templated":true}]}}