
{"id":120645,"date":"2025-02-09T19:29:26","date_gmt":"2025-02-09T22:29:26","guid":{"rendered":"https:\/\/www.sudoestehoje.com.br\/novoportal\/?p=120645"},"modified":"2025-02-09T19:38:44","modified_gmt":"2025-02-09T22:38:44","slug":"novo-aumento-do-diesel-sobe-frete-e-vai-pesar-no-valor-dos-alimentos","status":"publish","type":"post","link":"https:\/\/www.sudoestehoje.com.br\/novoportal\/2025\/02\/09\/novo-aumento-do-diesel-sobe-frete-e-vai-pesar-no-valor-dos-alimentos\/","title":{"rendered":"NOVO AUMENTO DO DIESEL SOBE FRETE E VAI PESAR NO VALOR DOS ALIMENTOS"},"content":{"rendered":"<p><img loading=\"lazy\" decoding=\"async\" class=\"alignnone wp-image-120647\" src=\"https:\/\/www.sudoestehoje.com.br\/novoportal\/wp-content\/uploads\/2025\/02\/7010_11208980.181801.jpg\" alt=\"\" width=\"561\" height=\"374\" \/><\/p>\n<p><strong>O aumento de R$ 0,22 por litro no diesel anunciado pela Petrobras na \u00faltima semana deve ter impacto de 2% a 2,5% no segmento de transporte rodovi\u00e1rio de cargas, com reflexos nos produtos que chegam aos supermercados, farm\u00e1cias e lojas pelo pa\u00eds. <\/strong><\/p>\n<p><strong>O aumento da Petrobras deve levar cerca de duas semanas para chegar \u00e0s bombas, mas j\u00e1 se estima, pelo valor da Petrobras, que vai ser mais ou menos de 2% a 2,5% a mais no frete s\u00f3 desse \u00faltimo aumento.<\/strong><\/p>\n<p><strong> Mais da metade da carga transportada no Brasil circula pelas rodovias, ou seja, o pa\u00eds depende do transporte rodovi\u00e1rio para abastecer a popula\u00e7\u00e3o com alimentos, rem\u00e9dios e outros produtos.<\/strong><\/p>\n<p><img loading=\"lazy\" decoding=\"async\" class=\"alignnone  wp-image-120557\" src=\"https:\/\/www.sudoestehoje.com.br\/novoportal\/wp-content\/uploads\/2025\/02\/Imagem-do-WhatsApp-de-2025-02-03-as-09.45.05_43ee6315.jpg\" alt=\"\" width=\"563\" height=\"71\" \/><\/p>\n","protected":false},"excerpt":{"rendered":"<p>O aumento de R$ 0,22 por litro no diesel anunciado pela Petrobras na \u00faltima semana deve ter impacto de 2% a 2,5% no segmento de transporte rodovi\u00e1rio de cargas, com reflexos nos produtos que chegam aos supermercados, farm\u00e1cias e lojas pelo pa\u00eds. O aumento da Petrobras deve levar cerca de duas semanas para chegar \u00e0s [&hellip;]<\/p>\n","protected":false},"author":2,"featured_media":120647,"comment_status":"closed","ping_status":"open","sticky":false,"template":"","format":"standard","meta":{"footnotes":"","_links_to":"","_links_to_target":""},"categories":[1],"tags":[],"class_list":["post-120645","post","type-post","status-publish","format-standard","has-post-thumbnail","hentry","category-geral"],"views":764,"_links":{"self":[{"href":"https:\/\/www.sudoestehoje.com.br\/novoportal\/wp-json\/wp\/v2\/posts\/120645","targetHints":{"allow":["GET"]}}],"collection":[{"href":"https:\/\/www.sudoestehoje.com.br\/novoportal\/wp-json\/wp\/v2\/posts"}],"about":[{"href":"https:\/\/www.sudoestehoje.com.br\/novoportal\/wp-json\/wp\/v2\/types\/post"}],"author":[{"embeddable":true,"href":"https:\/\/www.sudoestehoje.com.br\/novoportal\/wp-json\/wp\/v2\/users\/2"}],"replies":[{"embeddable":true,"href":"https:\/\/www.sudoestehoje.com.br\/novoportal\/wp-json\/wp\/v2\/comments?post=120645"}],"version-history":[{"count":3,"href":"https:\/\/www.sudoestehoje.com.br\/novoportal\/wp-json\/wp\/v2\/posts\/120645\/revisions"}],"predecessor-version":[{"id":120649,"href":"https:\/\/www.sudoestehoje.com.br\/novoportal\/wp-json\/wp\/v2\/posts\/120645\/revisions\/120649"}],"wp:featuredmedia":[{"embeddable":true,"href":"https:\/\/www.sudoestehoje.com.br\/novoportal\/wp-json\/wp\/v2\/media\/120647"}],"wp:attachment":[{"href":"https:\/\/www.sudoestehoje.com.br\/novoportal\/wp-json\/wp\/v2\/media?parent=120645"}],"wp:term":[{"taxonomy":"category","embeddable":true,"href":"https:\/\/www.sudoestehoje.com.br\/novoportal\/wp-json\/wp\/v2\/categories?post=120645"},{"taxonomy":"post_tag","embeddable":true,"href":"https:\/\/www.sudoestehoje.com.br\/novoportal\/wp-json\/wp\/v2\/tags?post=120645"}],"curies":[{"name":"wp","href":"https:\/\/api.w.org\/{rel}","templated":true}]}}