
{"id":120636,"date":"2025-02-09T18:52:38","date_gmt":"2025-02-09T21:52:38","guid":{"rendered":"https:\/\/www.sudoestehoje.com.br\/novoportal\/?p=120636"},"modified":"2025-02-09T18:58:44","modified_gmt":"2025-02-09T21:58:44","slug":"motorista-e-flagrado-com-carro-roubado-na-bahia-veiculo-tinha-inscricao-foi-deus-que-me-deu","status":"publish","type":"post","link":"https:\/\/www.sudoestehoje.com.br\/novoportal\/2025\/02\/09\/motorista-e-flagrado-com-carro-roubado-na-bahia-veiculo-tinha-inscricao-foi-deus-que-me-deu\/","title":{"rendered":"DEUS D\u00c1, DEUS TOMA | POL\u00cdCIA RODOVI\u00c1RIA RECUPERA CARRO ROUBADO COM INSCRI\u00c7\u00c3O &#8220;FOI DEUS QUE ME DEU&#8221; NA BAHIA"},"content":{"rendered":"<p><img loading=\"lazy\" decoding=\"async\" class=\"alignnone wp-image-120639\" src=\"https:\/\/www.sudoestehoje.com.br\/novoportal\/wp-content\/uploads\/2025\/02\/480603-motorista-e-flagrado-com-carro-furtado-na-bahia-veiculo-exibia-frase-foi-deus-que-me-deu.jpg\" alt=\"\" width=\"560\" height=\"294\" \/><\/p>\n<p><strong>Um homem, de 47 anos, foi detido ao ser flagrado com um carro roubado neste s\u00e1bado (8) em um trecho da BR-101 de <a href=\"https:\/\/www.bahianoticias.com.br\/tags\/alagoinhas\" target=\"_blank\" rel=\"noopener\">Alagoinhas<\/a>, no Agreste baiano. O ve\u00edculo, que tinha sido tomado de assalto em 2022, exibia a frase &#8220;Foi Deus que me deu&#8221;. Segundo a Pol\u00edcia Rodovi\u00e1ria Federal (PRF), o ve\u00edculo estava com uma placa clonada de outro ve\u00edculo da mesma marca e modelo.<\/strong><\/p>\n<p><strong>A a\u00e7\u00e3o teve in\u00edcio por volta das 12h. Policiais fiscalizavam na altura do Km 104 da rodovia quando avistaram um VW\/Gol, de cor preta, que estava estacionado na faixa de dom\u00ednio da rodovia. Na vistoria do carro, os PRFs constataram sinais de adultera\u00e7\u00e3o no chassi e no motor. Logo depois, os agentes chegaram na identifica\u00e7\u00e3o original do autom\u00f3vel. O Gol havia sido furtado em Sim\u00f5es Filho, na Regi\u00e3o Metropolitana de Salvador.<\/strong><\/p>\n<p><strong>Em determinado momento, um homem se aproximou da equipe e se identificou como propriet\u00e1rio do ve\u00edculo. Ele foi levado, junto com o carro, para uma delegacia de Alagoinhas, onde a ocorr\u00eancia foi registrada. O motorista vai responder pelo crime de recepta\u00e7\u00e3o (art. 180 CP).<\/strong><\/p>\n<p><strong>&#8216;DEUS D\u00c1, DEUS TOMA&#8230;&#8221;<\/strong><\/p>\n","protected":false},"excerpt":{"rendered":"<p>Um homem, de 47 anos, foi detido ao ser flagrado com um carro roubado neste s\u00e1bado (8) em um trecho da BR-101 de Alagoinhas, no Agreste baiano. O ve\u00edculo, que tinha sido tomado de assalto em 2022, exibia a frase &#8220;Foi Deus que me deu&#8221;. Segundo a Pol\u00edcia Rodovi\u00e1ria Federal (PRF), o ve\u00edculo estava com [&hellip;]<\/p>\n","protected":false},"author":2,"featured_media":120639,"comment_status":"closed","ping_status":"open","sticky":false,"template":"","format":"standard","meta":{"footnotes":"","_links_to":"","_links_to_target":""},"categories":[1],"tags":[],"class_list":["post-120636","post","type-post","status-publish","format-standard","has-post-thumbnail","hentry","category-geral"],"views":927,"_links":{"self":[{"href":"https:\/\/www.sudoestehoje.com.br\/novoportal\/wp-json\/wp\/v2\/posts\/120636","targetHints":{"allow":["GET"]}}],"collection":[{"href":"https:\/\/www.sudoestehoje.com.br\/novoportal\/wp-json\/wp\/v2\/posts"}],"about":[{"href":"https:\/\/www.sudoestehoje.com.br\/novoportal\/wp-json\/wp\/v2\/types\/post"}],"author":[{"embeddable":true,"href":"https:\/\/www.sudoestehoje.com.br\/novoportal\/wp-json\/wp\/v2\/users\/2"}],"replies":[{"embeddable":true,"href":"https:\/\/www.sudoestehoje.com.br\/novoportal\/wp-json\/wp\/v2\/comments?post=120636"}],"version-history":[{"count":7,"href":"https:\/\/www.sudoestehoje.com.br\/novoportal\/wp-json\/wp\/v2\/posts\/120636\/revisions"}],"predecessor-version":[{"id":120644,"href":"https:\/\/www.sudoestehoje.com.br\/novoportal\/wp-json\/wp\/v2\/posts\/120636\/revisions\/120644"}],"wp:featuredmedia":[{"embeddable":true,"href":"https:\/\/www.sudoestehoje.com.br\/novoportal\/wp-json\/wp\/v2\/media\/120639"}],"wp:attachment":[{"href":"https:\/\/www.sudoestehoje.com.br\/novoportal\/wp-json\/wp\/v2\/media?parent=120636"}],"wp:term":[{"taxonomy":"category","embeddable":true,"href":"https:\/\/www.sudoestehoje.com.br\/novoportal\/wp-json\/wp\/v2\/categories?post=120636"},{"taxonomy":"post_tag","embeddable":true,"href":"https:\/\/www.sudoestehoje.com.br\/novoportal\/wp-json\/wp\/v2\/tags?post=120636"}],"curies":[{"name":"wp","href":"https:\/\/api.w.org\/{rel}","templated":true}]}}