
{"id":120612,"date":"2025-02-07T09:19:33","date_gmt":"2025-02-07T12:19:33","guid":{"rendered":"https:\/\/www.sudoestehoje.com.br\/novoportal\/?p=120612"},"modified":"2025-02-07T09:19:33","modified_gmt":"2025-02-07T12:19:33","slug":"sem-controle-lula-sugere-que-populacao-deixe-de-comprar-alimentos-caros-para-conter-alta-dos-precos","status":"publish","type":"post","link":"https:\/\/www.sudoestehoje.com.br\/novoportal\/2025\/02\/07\/sem-controle-lula-sugere-que-populacao-deixe-de-comprar-alimentos-caros-para-conter-alta-dos-precos\/","title":{"rendered":"SEM CONTROLE | LULA SUGERE QUE POPULA\u00c7\u00c3O DEIXE DE COMPRAR ALIMENTOS &#8216;CAROS&#8217; PARA CONTER ALTA DOS PRE\u00c7OS"},"content":{"rendered":"<p><img loading=\"lazy\" decoding=\"async\" class=\"alignnone  wp-image-120619\" src=\"https:\/\/www.sudoestehoje.com.br\/novoportal\/wp-content\/uploads\/2025\/02\/Inflacao-dos-alimentos-segue-em-alta-deixando-comida-mais-cara.jpeg\" alt=\"\" width=\"560\" height=\"357\" \/><\/p>\n<p><strong>Diante do aumento dos pre\u00e7os dos alimentos, o presidente Luiz In\u00e1cio Lula da Silva (PT) sugeriu que a popula\u00e7\u00e3o evite comprar produtos com valores elevados, como estrat\u00e9gia para impulsionar a queda dos pre\u00e7os e conter a infla\u00e7\u00e3o. A declara\u00e7\u00e3o foi feita durante entrevista \u00e0s r\u00e1dios Metr\u00f3pole e Sociedade, na Bahia, conforme divulgada pela CNN.<\/strong><\/p>\n<blockquote><p><strong>\u201cSe as pessoas tiverem consci\u00eancia e deixarem de comprar o que est\u00e1 caro, quem vende ser\u00e1 obrigado a baixar o pre\u00e7o para n\u00e3o perder mercadorias. Isso faz parte da sabedoria popular. \u00c9 um processo educacional que precisamos estimular no Brasil\u201d, afirmou o presidente.<\/strong><\/p><\/blockquote>\n<p><strong>Lula tamb\u00e9m recomendou que os consumidores substitu\u00edssem itens mais caros por produtos similares com pre\u00e7os mais acess\u00edveis , refor\u00e7ando a import\u00e2ncia do papel da sociedade no controle da infla\u00e7\u00e3o. \u201cO povo tem um papel fundamental nisso. Se voc\u00ea desconfia que um produto \u00e9 caro no mercado, simplesmente n\u00e3o compre\u201d, acrescentou.<\/strong><\/p>\n<p><strong>Durante a entrevista, o presidente demonstrou otimismo e afirmou que o problema da infla\u00e7\u00e3o dos alimentos ser\u00e1 solucionado em breve. \u201cEstou convencido de que encontraremos uma solu\u00e7\u00e3o rapidamente\u201d, declarou.<\/strong><\/p>\n<p><strong>Lula destacou que o governo est\u00e1 em di\u00e1logo com empres\u00e1rios e minist\u00e9rios para buscar alternativas que ajudem a reduzir os pre\u00e7os dos alimentos. Segundo ele, o Minist\u00e9rio da Fazenda, o Minist\u00e9rio da Agricultura e o Minist\u00e9rio do Desenvolvimento Agr\u00e1rio est\u00e3o trabalhando para encontrar solu\u00e7\u00f5es eficazes.<\/strong><\/p>\n<blockquote><p><strong>\u201cEstamos discutindo com empres\u00e1rios e utilizando a expertise dos minist\u00e9rios respons\u00e1veis \u200b\u200bpara entender como podemos reduzir os pre\u00e7os dos alimentos\u201d, afirmou.<\/strong><\/p><\/blockquote>\n<p><strong>A declara\u00e7\u00e3o do presidente ocorre em meio a um cen\u00e1rio de infla\u00e7\u00e3o persistente , especialmente no setor de alimenta\u00e7\u00e3o. Na \u00faltima ter\u00e7a-feira (4), o Banco Central alertou que o curto prazo segue desfavor\u00e1vel , com a alta dos pre\u00e7os dos alimentos se mantendo significativa e com tend\u00eancia de continuidade no prazo m\u00e9dio.<\/strong><\/p>\n","protected":false},"excerpt":{"rendered":"<p>Diante do aumento dos pre\u00e7os dos alimentos, o presidente Luiz In\u00e1cio Lula da Silva (PT) sugeriu que a popula\u00e7\u00e3o evite comprar produtos com valores elevados, como estrat\u00e9gia para impulsionar a queda dos pre\u00e7os e conter a infla\u00e7\u00e3o. A declara\u00e7\u00e3o foi feita durante entrevista \u00e0s r\u00e1dios Metr\u00f3pole e Sociedade, na Bahia, conforme divulgada pela CNN. \u201cSe [&hellip;]<\/p>\n","protected":false},"author":2,"featured_media":120619,"comment_status":"closed","ping_status":"open","sticky":false,"template":"","format":"standard","meta":{"footnotes":"","_links_to":"","_links_to_target":""},"categories":[1],"tags":[],"class_list":["post-120612","post","type-post","status-publish","format-standard","has-post-thumbnail","hentry","category-geral"],"views":661,"_links":{"self":[{"href":"https:\/\/www.sudoestehoje.com.br\/novoportal\/wp-json\/wp\/v2\/posts\/120612","targetHints":{"allow":["GET"]}}],"collection":[{"href":"https:\/\/www.sudoestehoje.com.br\/novoportal\/wp-json\/wp\/v2\/posts"}],"about":[{"href":"https:\/\/www.sudoestehoje.com.br\/novoportal\/wp-json\/wp\/v2\/types\/post"}],"author":[{"embeddable":true,"href":"https:\/\/www.sudoestehoje.com.br\/novoportal\/wp-json\/wp\/v2\/users\/2"}],"replies":[{"embeddable":true,"href":"https:\/\/www.sudoestehoje.com.br\/novoportal\/wp-json\/wp\/v2\/comments?post=120612"}],"version-history":[{"count":7,"href":"https:\/\/www.sudoestehoje.com.br\/novoportal\/wp-json\/wp\/v2\/posts\/120612\/revisions"}],"predecessor-version":[{"id":120620,"href":"https:\/\/www.sudoestehoje.com.br\/novoportal\/wp-json\/wp\/v2\/posts\/120612\/revisions\/120620"}],"wp:featuredmedia":[{"embeddable":true,"href":"https:\/\/www.sudoestehoje.com.br\/novoportal\/wp-json\/wp\/v2\/media\/120619"}],"wp:attachment":[{"href":"https:\/\/www.sudoestehoje.com.br\/novoportal\/wp-json\/wp\/v2\/media?parent=120612"}],"wp:term":[{"taxonomy":"category","embeddable":true,"href":"https:\/\/www.sudoestehoje.com.br\/novoportal\/wp-json\/wp\/v2\/categories?post=120612"},{"taxonomy":"post_tag","embeddable":true,"href":"https:\/\/www.sudoestehoje.com.br\/novoportal\/wp-json\/wp\/v2\/tags?post=120612"}],"curies":[{"name":"wp","href":"https:\/\/api.w.org\/{rel}","templated":true}]}}