
{"id":120607,"date":"2025-02-07T08:58:33","date_gmt":"2025-02-07T11:58:33","guid":{"rendered":"https:\/\/www.sudoestehoje.com.br\/novoportal\/?p=120607"},"modified":"2025-02-07T08:59:26","modified_gmt":"2025-02-07T11:59:26","slug":"aviao-de-pequeno-porte-cai-no-meio-de-uma-avenida-na-cidade-de-sao-peulo","status":"publish","type":"post","link":"https:\/\/www.sudoestehoje.com.br\/novoportal\/2025\/02\/07\/aviao-de-pequeno-porte-cai-no-meio-de-uma-avenida-na-cidade-de-sao-peulo\/","title":{"rendered":"AVI\u00c3O DE PEQUENO PORTE CAI NO MEIO DE UMA AVENIDA NA CIDADE DE S\u00c3O PAULO"},"content":{"rendered":"<p><img loading=\"lazy\" decoding=\"async\" class=\"alignnone wp-image-120609\" src=\"https:\/\/www.sudoestehoje.com.br\/novoportal\/wp-content\/uploads\/2025\/02\/aviao-de-pequeno-porte-cai-na-zona-oeste-de-sao-paulo-1738925231307_v2_900x506-1.jpg\" alt=\"\" width=\"561\" height=\"331\" \/><\/p>\n<p><strong>Na manh\u00e3 desta sexta-feira (7), um avi\u00e3o de pequeno porte caiu na Avenida Marqu\u00eas de S\u00e3o Vicente, localizada na Barra Funda, zona oeste de S\u00e3o Paulo. A aeronave atingiu um \u00f4nibus, e o Corpo de Bombeiros foi acionado \u00e0s 7h20 para atender \u00e0 ocorr\u00eancia.<\/strong><\/p>\n<p><strong>De acordo com informa\u00e7\u00f5es apuradas pela equipe de reportagem, os bombeiros encontraram dois corpos carbonizados dentro da aeronave. Al\u00e9m disso, um motociclista que passava pelo local foi atingido por destro\u00e7os e sofreu ferimentos.<\/strong><\/p>\n<p><strong>No momento da queda, um estrondo foi ouvido e uma grande nuvem de fuma\u00e7a preta podia ser vista \u00e0 dist\u00e2ncia. O impacto da colis\u00e3o causou um inc\u00eandio no \u00f4nibus atingido. Segundo a SPTrans, o ve\u00edculo tem o prefixo 732 e pertence \u00e0 via\u00e7\u00e3o Santa Br\u00edgida. O Corpo de Bombeiros confirmou que n\u00e3o havia passageiros no \u00f4nibus e que n\u00e3o houve v\u00edtimas em solo.<\/strong><\/p>\n<p><strong>A aeronave envolvida no acidente \u00e9 um King Air F90, modelo com capacidade para oito passageiros. At\u00e9 o momento, os bombeiros ainda n\u00e3o confirmaram a quantidade exata de ocupantes da aeronave.<\/strong><\/p>\n<p><strong>Segundo informa\u00e7\u00f5es da TV Globo, o avi\u00e3o decolou do Campo de Marte \u00e0s 7h15 e tinha como destino a cidade de Porto Alegre. Testemunhas relatam que a aeronave tentou um pouso de emerg\u00eancia na pista da avenida antes do impacto.<\/strong><\/p>\n<p><strong>A pol\u00edcia ir\u00e1 conduzir investiga\u00e7\u00f5es para determinar as causas e responsabilidades pelo acidente. A Aeron\u00e1utica tamb\u00e9m atuar\u00e1 na apura\u00e7\u00e3o das circunst\u00e2ncias da queda.<\/strong><\/p>\n<p><strong>Sete viaturas do Corpo de Bombeiros foram mobilizadas para atender \u00e0 ocorr\u00eancia, enquanto autoridades trabalham para esclarecer os fatos<\/strong><\/p>\n","protected":false},"excerpt":{"rendered":"<p>Na manh\u00e3 desta sexta-feira (7), um avi\u00e3o de pequeno porte caiu na Avenida Marqu\u00eas de S\u00e3o Vicente, localizada na Barra Funda, zona oeste de S\u00e3o Paulo. A aeronave atingiu um \u00f4nibus, e o Corpo de Bombeiros foi acionado \u00e0s 7h20 para atender \u00e0 ocorr\u00eancia. De acordo com informa\u00e7\u00f5es apuradas pela equipe de reportagem, os bombeiros [&hellip;]<\/p>\n","protected":false},"author":2,"featured_media":120609,"comment_status":"closed","ping_status":"open","sticky":false,"template":"","format":"standard","meta":{"footnotes":"","_links_to":"","_links_to_target":""},"categories":[1],"tags":[],"class_list":["post-120607","post","type-post","status-publish","format-standard","has-post-thumbnail","hentry","category-geral"],"views":748,"_links":{"self":[{"href":"https:\/\/www.sudoestehoje.com.br\/novoportal\/wp-json\/wp\/v2\/posts\/120607","targetHints":{"allow":["GET"]}}],"collection":[{"href":"https:\/\/www.sudoestehoje.com.br\/novoportal\/wp-json\/wp\/v2\/posts"}],"about":[{"href":"https:\/\/www.sudoestehoje.com.br\/novoportal\/wp-json\/wp\/v2\/types\/post"}],"author":[{"embeddable":true,"href":"https:\/\/www.sudoestehoje.com.br\/novoportal\/wp-json\/wp\/v2\/users\/2"}],"replies":[{"embeddable":true,"href":"https:\/\/www.sudoestehoje.com.br\/novoportal\/wp-json\/wp\/v2\/comments?post=120607"}],"version-history":[{"count":2,"href":"https:\/\/www.sudoestehoje.com.br\/novoportal\/wp-json\/wp\/v2\/posts\/120607\/revisions"}],"predecessor-version":[{"id":120611,"href":"https:\/\/www.sudoestehoje.com.br\/novoportal\/wp-json\/wp\/v2\/posts\/120607\/revisions\/120611"}],"wp:featuredmedia":[{"embeddable":true,"href":"https:\/\/www.sudoestehoje.com.br\/novoportal\/wp-json\/wp\/v2\/media\/120609"}],"wp:attachment":[{"href":"https:\/\/www.sudoestehoje.com.br\/novoportal\/wp-json\/wp\/v2\/media?parent=120607"}],"wp:term":[{"taxonomy":"category","embeddable":true,"href":"https:\/\/www.sudoestehoje.com.br\/novoportal\/wp-json\/wp\/v2\/categories?post=120607"},{"taxonomy":"post_tag","embeddable":true,"href":"https:\/\/www.sudoestehoje.com.br\/novoportal\/wp-json\/wp\/v2\/tags?post=120607"}],"curies":[{"name":"wp","href":"https:\/\/api.w.org\/{rel}","templated":true}]}}