
{"id":120597,"date":"2025-02-06T09:24:18","date_gmt":"2025-02-06T12:24:18","guid":{"rendered":"https:\/\/www.sudoestehoje.com.br\/novoportal\/?p=120597"},"modified":"2025-02-06T10:36:47","modified_gmt":"2025-02-06T13:36:47","slug":"em-pleno-verao-conquista-registra-166c-e-fica-entre-as-mais-frias-do-brasil","status":"publish","type":"post","link":"https:\/\/www.sudoestehoje.com.br\/novoportal\/2025\/02\/06\/em-pleno-verao-conquista-registra-166c-e-fica-entre-as-mais-frias-do-brasil\/","title":{"rendered":"EM PLENO VER\u00c3O, CONQUISTA REGISTRA 16,6\u00b0C E FICA ENTRE AS MAIS FRIAS DO BRASIL"},"content":{"rendered":"<p><img loading=\"lazy\" decoding=\"async\" class=\"alignnone wp-image-120600\" src=\"https:\/\/www.sudoestehoje.com.br\/novoportal\/wp-content\/uploads\/2025\/02\/lucho-rodriguez-bahia-78.png\" alt=\"\" width=\"561\" height=\"393\" \/><\/p>\n<p><strong>Enquanto o Brasil registra altas temperaturas durante o ver\u00e3o, a esta\u00e7\u00e3o mais quente do ano, o munic\u00edpio de Vit\u00f3ria da Conquista, no sudoeste da Bahia, foi na contram\u00e3o da l\u00f3gica registrou 15,6\u00baC na \u00faltima ter\u00e7a-feira (4) e apareceu em sexto lugar no ranking das cidades mais frias do Brasil. A lista foi elaborada pelo Instituto nacional de Meteorologia (Inmet).<\/strong><\/p>\n<p><strong>A l\u00edder do ranking do Inmet foi Nova Friburgo, no Rio de Janeiro, com 14,7\u00baC, seguida pela mineira Monte Verde com 14,8\u00baC, enquanto a paulista Campos do Jord\u00e3o fecha o p\u00f3dio com 15\u00baC. O top 4 ainda tem outro munic\u00edpio do Nordeste, a maranhense Carolina com 15,3\u00baC, e logo \u00e0 frente de Conquista est\u00e1 Maria da F\u00e9, em Minas Gerais, com 15,4\u00baC.<\/strong><\/p>\n<p><strong>Vit\u00f3ria Conquista tem clima predominantemente frio e seco, ganhando o apelido de \u201cSu\u00ed\u00e7a Baiana\u201d. Durante o inverno, j\u00e1 chegou a registrar 8,9\u00baC. Para este final de semana, a previs\u00e3o para a cidade conquistense \u00e9 que a temperatura oscile entre 16\u00baC e 32\u00baC, com possibilidade de chuvas isoladas ao longa de toda a semana.<\/strong><\/p>\n<p><img loading=\"lazy\" decoding=\"async\" class=\"alignnone  wp-image-120557\" src=\"https:\/\/www.sudoestehoje.com.br\/novoportal\/wp-content\/uploads\/2025\/02\/Imagem-do-WhatsApp-de-2025-02-03-as-09.45.05_43ee6315.jpg\" alt=\"\" width=\"563\" height=\"71\" \/><\/p>\n","protected":false},"excerpt":{"rendered":"<p>Enquanto o Brasil registra altas temperaturas durante o ver\u00e3o, a esta\u00e7\u00e3o mais quente do ano, o munic\u00edpio de Vit\u00f3ria da Conquista, no sudoeste da Bahia, foi na contram\u00e3o da l\u00f3gica registrou 15,6\u00baC na \u00faltima ter\u00e7a-feira (4) e apareceu em sexto lugar no ranking das cidades mais frias do Brasil. A lista foi elaborada pelo Instituto [&hellip;]<\/p>\n","protected":false},"author":2,"featured_media":120600,"comment_status":"closed","ping_status":"open","sticky":false,"template":"","format":"standard","meta":{"footnotes":"","_links_to":"","_links_to_target":""},"categories":[1],"tags":[],"class_list":["post-120597","post","type-post","status-publish","format-standard","has-post-thumbnail","hentry","category-geral"],"views":1091,"_links":{"self":[{"href":"https:\/\/www.sudoestehoje.com.br\/novoportal\/wp-json\/wp\/v2\/posts\/120597","targetHints":{"allow":["GET"]}}],"collection":[{"href":"https:\/\/www.sudoestehoje.com.br\/novoportal\/wp-json\/wp\/v2\/posts"}],"about":[{"href":"https:\/\/www.sudoestehoje.com.br\/novoportal\/wp-json\/wp\/v2\/types\/post"}],"author":[{"embeddable":true,"href":"https:\/\/www.sudoestehoje.com.br\/novoportal\/wp-json\/wp\/v2\/users\/2"}],"replies":[{"embeddable":true,"href":"https:\/\/www.sudoestehoje.com.br\/novoportal\/wp-json\/wp\/v2\/comments?post=120597"}],"version-history":[{"count":4,"href":"https:\/\/www.sudoestehoje.com.br\/novoportal\/wp-json\/wp\/v2\/posts\/120597\/revisions"}],"predecessor-version":[{"id":120604,"href":"https:\/\/www.sudoestehoje.com.br\/novoportal\/wp-json\/wp\/v2\/posts\/120597\/revisions\/120604"}],"wp:featuredmedia":[{"embeddable":true,"href":"https:\/\/www.sudoestehoje.com.br\/novoportal\/wp-json\/wp\/v2\/media\/120600"}],"wp:attachment":[{"href":"https:\/\/www.sudoestehoje.com.br\/novoportal\/wp-json\/wp\/v2\/media?parent=120597"}],"wp:term":[{"taxonomy":"category","embeddable":true,"href":"https:\/\/www.sudoestehoje.com.br\/novoportal\/wp-json\/wp\/v2\/categories?post=120597"},{"taxonomy":"post_tag","embeddable":true,"href":"https:\/\/www.sudoestehoje.com.br\/novoportal\/wp-json\/wp\/v2\/tags?post=120597"}],"curies":[{"name":"wp","href":"https:\/\/api.w.org\/{rel}","templated":true}]}}