
{"id":120561,"date":"2025-02-04T11:45:47","date_gmt":"2025-02-04T14:45:47","guid":{"rendered":"https:\/\/www.sudoestehoje.com.br\/novoportal\/?p=120561"},"modified":"2025-02-04T11:47:47","modified_gmt":"2025-02-04T14:47:47","slug":"postura-prefeitura-da-bahia-autoriza-abate-de-animais-de-grande-e-medio-porte-abandonados-nas-ruas","status":"publish","type":"post","link":"https:\/\/www.sudoestehoje.com.br\/novoportal\/2025\/02\/04\/postura-prefeitura-da-bahia-autoriza-abate-de-animais-de-grande-e-medio-porte-abandonados-nas-ruas\/","title":{"rendered":"POSTURA | PREFEITURA DA BAHIA AUTORIZA ABATE DE ANIMAIS DE GRANDE E M\u00c9DIO PORTE ABANDONADOS NAS RUAS"},"content":{"rendered":"<div id=\"chunk-1v2ao\">\n<div class=\"mc-column content-text active-extra-styles \" data-block-type=\"unstyled\" data-block-weight=\"62\" data-block-id=\"2\">\n<p data-track-category=\"Link no Texto\" data-track-links=\"\" data-mrf-recirculation=\"Mat\u00e9ria - Links no Texto\"><img loading=\"lazy\" decoding=\"async\" class=\"alignnone wp-image-120564\" src=\"https:\/\/www.sudoestehoje.com.br\/novoportal\/wp-content\/uploads\/2025\/02\/Animais-soltos-na-via-2.jpg\" alt=\"\" width=\"560\" height=\"315\" \/><\/p>\n<p class=\" content-text__container \" data-track-category=\"Link no Texto\" data-track-links=\"\" data-mrf-recirculation=\"Mat\u00e9ria - Links no Texto\"><strong>Animais de grande e m\u00e9dio porte encontrados soltos ou abandonados em vias p\u00fablicas ser\u00e3o apreendidos pela Prefeitura de\u00a0<a class=\"\" href=\"https:\/\/g1.globo.com\/ba\/feira-de-santana-regiao\/cidade\/serrinha-ba\/\" data-mrf-link=\"https:\/\/g1.globo.com\/ba\/feira-de-santana-regiao\/cidade\/serrinha-ba\/\">Serrinha<\/a>, cidade a cerca de 190 km de Salvador.\u00a0<span class=\"highlight highlighted\">Caso n\u00e3o seja resgatado no prazo estabelecido, o animal poder\u00e1 ser doado ou abatido.<\/span>\u00a0A medida foi publicada no Di\u00e1rio Oficial do Munic\u00edpio na sexta-feira (31) e vale para bois, cavalos, porcos, caprinos e ovinos.<\/strong><\/p>\n<\/div>\n<\/div>\n<div class=\"wall protected-content\">\n<div id=\"chunk-f6n4g\">\n<div class=\"mc-column content-text active-extra-styles \" data-block-type=\"unstyled\" data-block-weight=\"53\" data-block-id=\"4\">\n<p class=\" content-text__container \" data-track-category=\"Link no Texto\" data-track-links=\"\" data-mrf-recirculation=\"Mat\u00e9ria - Links no Texto\"><strong>A gest\u00e3o municipal justificou que o decreto foi motivado pelo n\u00famero crescente de animais soltos ou abandonados nas vias p\u00fablicas. Al\u00e9m disso, citou tamb\u00e9m o risco de acidentes de tr\u00e2nsito envolvendo animais soltos; os danos causados pelos animais em jardins e pra\u00e7as municipais; e o fato do abandono de animais ser considerado maus-tratos.<\/strong><\/p>\n<p class=\" content-text__container \" data-track-category=\"Link no Texto\" data-track-links=\"\" data-mrf-recirculation=\"Mat\u00e9ria - Links no Texto\"><strong style=\"font-family: inherit; font-size: inherit; font-style: inherit; font-variant-ligatures: inherit; font-variant-caps: inherit; text-align: center;\">O decreto prev\u00ea que os animais ser\u00e3o apreendidos nas seguintes condi\u00e7\u00f5es:<\/strong><\/p>\n<\/div>\n<\/div>\n<div id=\"chunk-eabg\">\n<div class=\"mc-column content-text active-extra-styles\" data-block-type=\"raw\" data-block-weight=\"52\" data-block-id=\"7\">\n<p><strong>Se soltos ou abandonados em ruas, vias rurais, logradouros p\u00fablicos ou em locais de livre acesso a popula\u00e7\u00e3o;<\/strong><\/p>\n<p><strong>Caso encontrados em propriedades alheias, desde que ocorra den\u00fancia;<\/strong><\/p>\n<p><strong>Suspeito de estar contaminado por doen\u00e7a transmiss\u00edvel ou n\u00e3o ao ser humano;<\/strong><\/p>\n<p><strong>Os prov\u00e1veis causadores de acidentes e outros transtornos, especialmente os de grande porte;<\/strong><\/p>\n<p><strong>A gest\u00e3o prev\u00ea um prazo de sete dias para que o respons\u00e1vel resgate o animal apreendido. Tamb\u00e9m est\u00e1 estabelecida uma multa que varia de acordo com o porte. O valor pode ser de R$ 500 e R$ 3 mil. Se o animal for apreendido por tr\u00eas vezes o propriet\u00e1rio perde o direito de resgate, determina o texto.<\/strong><\/p>\n<\/div>\n<\/div>\n<div id=\"chunk-mme1\">\n<div class=\"mc-column content-text active-extra-styles \" data-block-type=\"unstyled\" data-block-weight=\"52\" data-block-id=\"9\">\n<p class=\" content-text__container \" data-track-category=\"Link no Texto\" data-track-links=\"\" data-mrf-recirculation=\"Mat\u00e9ria - Links no Texto\"><strong>No caso em que o respons\u00e1vel n\u00e3o fa\u00e7a o resgate dentro do prazo estabelecido, o decreto autoriza a doa\u00e7\u00e3o, no caso de equinos, e abatimento, no caso de bovinos, su\u00ednos, caprinos e ovinos.\u00a0<span class=\"highlight highlighted\">Nesses casos, a carne deve ser distribu\u00edda para entidades p\u00fablicas municipais, ap\u00f3s inspe\u00e7\u00e3o do \u00f3rg\u00e3o competente do munic\u00edpio.<\/span><\/strong><\/p>\n<p data-track-category=\"Link no Texto\" data-track-links=\"\" data-mrf-recirculation=\"Mat\u00e9ria - Links no Texto\"><img loading=\"lazy\" decoding=\"async\" class=\"alignnone  wp-image-120557\" src=\"https:\/\/www.sudoestehoje.com.br\/novoportal\/wp-content\/uploads\/2025\/02\/Imagem-do-WhatsApp-de-2025-02-03-as-09.45.05_43ee6315.jpg\" alt=\"\" width=\"555\" height=\"70\" \/><\/p>\n<\/div>\n<\/div>\n<\/div>\n","protected":false},"excerpt":{"rendered":"<p>Animais de grande e m\u00e9dio porte encontrados soltos ou abandonados em vias p\u00fablicas ser\u00e3o apreendidos pela Prefeitura de\u00a0Serrinha, cidade a cerca de 190 km de Salvador.\u00a0Caso n\u00e3o seja resgatado no prazo estabelecido, o animal poder\u00e1 ser doado ou abatido.\u00a0A medida foi publicada no Di\u00e1rio Oficial do Munic\u00edpio na sexta-feira (31) e vale para bois, cavalos, [&hellip;]<\/p>\n","protected":false},"author":2,"featured_media":120564,"comment_status":"closed","ping_status":"open","sticky":false,"template":"","format":"standard","meta":{"footnotes":"","_links_to":"","_links_to_target":""},"categories":[1],"tags":[],"class_list":["post-120561","post","type-post","status-publish","format-standard","has-post-thumbnail","hentry","category-geral"],"views":814,"_links":{"self":[{"href":"https:\/\/www.sudoestehoje.com.br\/novoportal\/wp-json\/wp\/v2\/posts\/120561","targetHints":{"allow":["GET"]}}],"collection":[{"href":"https:\/\/www.sudoestehoje.com.br\/novoportal\/wp-json\/wp\/v2\/posts"}],"about":[{"href":"https:\/\/www.sudoestehoje.com.br\/novoportal\/wp-json\/wp\/v2\/types\/post"}],"author":[{"embeddable":true,"href":"https:\/\/www.sudoestehoje.com.br\/novoportal\/wp-json\/wp\/v2\/users\/2"}],"replies":[{"embeddable":true,"href":"https:\/\/www.sudoestehoje.com.br\/novoportal\/wp-json\/wp\/v2\/comments?post=120561"}],"version-history":[{"count":4,"href":"https:\/\/www.sudoestehoje.com.br\/novoportal\/wp-json\/wp\/v2\/posts\/120561\/revisions"}],"predecessor-version":[{"id":120566,"href":"https:\/\/www.sudoestehoje.com.br\/novoportal\/wp-json\/wp\/v2\/posts\/120561\/revisions\/120566"}],"wp:featuredmedia":[{"embeddable":true,"href":"https:\/\/www.sudoestehoje.com.br\/novoportal\/wp-json\/wp\/v2\/media\/120564"}],"wp:attachment":[{"href":"https:\/\/www.sudoestehoje.com.br\/novoportal\/wp-json\/wp\/v2\/media?parent=120561"}],"wp:term":[{"taxonomy":"category","embeddable":true,"href":"https:\/\/www.sudoestehoje.com.br\/novoportal\/wp-json\/wp\/v2\/categories?post=120561"},{"taxonomy":"post_tag","embeddable":true,"href":"https:\/\/www.sudoestehoje.com.br\/novoportal\/wp-json\/wp\/v2\/tags?post=120561"}],"curies":[{"name":"wp","href":"https:\/\/api.w.org\/{rel}","templated":true}]}}